{"id":6004,"date":"2019-07-29T19:34:35","date_gmt":"2019-07-29T19:34:35","guid":{"rendered":"http:\/\/www.radiopresidenteibanez.cl\/web\/?p=6004"},"modified":"2019-07-29T19:35:04","modified_gmt":"2019-07-29T19:35:04","slug":"el-llamado-es-a-cooperar-en-la-campana-un-calzoncillo-largo-pa-chilito","status":"publish","type":"post","link":"https:\/\/www.radiopresidenteibanez.cl\/web\/el-llamado-es-a-cooperar-en-la-campana-un-calzoncillo-largo-pa-chilito\/","title":{"rendered":"EL LLAMADO ES A COOPERAR EN LA CAMPA\u00d1A UN CALZONCILLO LARGO PA\u00b4 CHILITO"},"content":{"rendered":"\n<p>Hasta la Plaza Mu\u00f1oz Gamero lleg\u00f3 la Seremi de Desarrollo Social y Familia, Liz Casanueva M\u00e9ndez, junto al popular rey de los guachacas Di\u00f3scoro Rojas, la reina de la III Cumbre Guachaca de Punta Arenas, B\u00e1rbara Salgado y quienes fueron tambi\u00e9n candidatas Mariema Ugalde y Katia Schultheiss, esta \u00faltima fue qui\u00e9n durante su candidatura se adhiri\u00f3 a la campa\u00f1a Un Calzoncillo Largo Pa\u00b4 Chilito y hoy realiz\u00f3 la entrega oficial a la Seremi de la donaci\u00f3n recaudada. As\u00ed mismo en conjunto hicieron un llamado a la comunidad para que participen de esta campa\u00f1a.<\/p>\n\n\n\n<p>La Cumbre Guachaca se rige por el lema \u201cque la patria alcance para todos\u201d y sienten un respeto especial por quienes no tienen nada. Admiran su resiliencia y capacidad de subsistir con lo m\u00ednimo y ser felices con muy poco. En 2009, nace la idea de recolectar calzoncillos y ropa interior invernal para quienes viven en situaci\u00f3n de calle.<\/p>\n\n\n\n<p>La Seremi de Desarrollo Social y Familia, Liz Casanueva M\u00e9ndez dijo: \u201cesta campa\u00f1a es parte de la cumbre guachaca que se est\u00e1 realizando a nivel nacional, es primera vez que se realiza a nivel pa\u00eds y como Ministerio de Desarrollo Social y Familia hemos querido colaborar en la distribuci\u00f3n y como un centro de acopio tambi\u00e9n para poder distribuir esta ropa de abrigo que es como la primera capa que utilizan las personas en situaci\u00f3n de calle para poder estar abrigados durante este invierno\u201d.<\/p>\n\n\n\n<p>La campa\u00f1a dura todo el invierno y en este caso en la Regi\u00f3n de Magallanes la oficina est\u00e1 ubicada en el Edificio Magallanes en calle Bories #901, piso 8 y atiende de 8:00 de la ma\u00f1ana a 17:30 horas.<\/p>\n\n\n\n<p>Por su parte, Di\u00f3scoro Rojas, guaripola y gestor de la campa\u00f1a, invit\u00f3 a cooperar, destacando que \u201clos calzoncillos cuestan entre 2 y 3 lucas, entonces es para que la gente com\u00fan y corriente puede donar\u201d.<\/p>\n\n\n\n<p>Por otro lado la candidata que se adhiri\u00f3 a la campa\u00f1a Katia Schultheiss cont\u00f3: \u201centendiendo que a nivel nacional est\u00e1 \u201cUn Calzoncillo Largo Pa Chilito\u201d quise adherirme un poco a eso, igual un poco distinto, que tiene que ver no solo con calzoncillos largos, sino calzas para las mujeres, que igual es un porcentaje menor de mujeres en situaci\u00f3n de calle y adem\u00e1s calcetines de lana tambi\u00e9n para protegerlos en el invierno\u201d.<\/p>\n\n\n\n<p>As\u00ed mismo B\u00e1rbara Salgado, Reina Guachaca Punta Arenas 2019 dijo: \u201creitero el llamado a la comunidad y tambi\u00e9n al comercio; tuve la posibilidad de contactarme con una empresa que es muy representativa en Magallanes que es Cosme Nocera y me dijeron inmediatamente que si, donde iremos a buscar la primera donaci\u00f3n y a trav\u00e9s de ellos invitar tambi\u00e9n al resto del comercio y al resto de la comunidad tambi\u00e9n a que se hagan parte porque hay muchas personas que lo necesitan\u201d.<\/p>\n","protected":false},"excerpt":{"rendered":"<p>Hasta la Plaza Mu\u00f1oz Gamero lleg\u00f3 la Seremi de Desarrollo Social y Familia, Liz Casanueva M\u00e9ndez, junto al popular rey de los guachacas Di\u00f3scoro Rojas, la reina de la III&#8230; <a class=\"read-more\" href=\"https:\/\/www.radiopresidenteibanez.cl\/web\/el-llamado-es-a-cooperar-en-la-campana-un-calzoncillo-largo-pa-chilito\/\">Leer m\u00e1s<\/a><\/p>\n","protected":false},"author":2,"featured_media":6005,"comment_status":"closed","ping_status":"closed","sticky":false,"template":"","format":"standard","meta":{"footnotes":""},"categories":[1],"tags":[],"class_list":["post-6004","post","type-post","status-publish","format-standard","has-post-thumbnail","hentry","category-cronica"],"_links":{"self":[{"href":"https:\/\/www.radiopresidenteibanez.cl\/web\/wp-json\/wp\/v2\/posts\/6004","targetHints":{"allow":["GET"]}}],"collection":[{"href":"https:\/\/www.radiopresidenteibanez.cl\/web\/wp-json\/wp\/v2\/posts"}],"about":[{"href":"https:\/\/www.radiopresidenteibanez.cl\/web\/wp-json\/wp\/v2\/types\/post"}],"author":[{"embeddable":true,"href":"https:\/\/www.radiopresidenteibanez.cl\/web\/wp-json\/wp\/v2\/users\/2"}],"replies":[{"embeddable":true,"href":"https:\/\/www.radiopresidenteibanez.cl\/web\/wp-json\/wp\/v2\/comments?post=6004"}],"version-history":[{"count":0,"href":"https:\/\/www.radiopresidenteibanez.cl\/web\/wp-json\/wp\/v2\/posts\/6004\/revisions"}],"wp:featuredmedia":[{"embeddable":true,"href":"https:\/\/www.radiopresidenteibanez.cl\/web\/wp-json\/wp\/v2\/media\/6005"}],"wp:attachment":[{"href":"https:\/\/www.radiopresidenteibanez.cl\/web\/wp-json\/wp\/v2\/media?parent=6004"}],"wp:term":[{"taxonomy":"category","embeddable":true,"href":"https:\/\/www.radiopresidenteibanez.cl\/web\/wp-json\/wp\/v2\/categories?post=6004"},{"taxonomy":"post_tag","embeddable":true,"href":"https:\/\/www.radiopresidenteibanez.cl\/web\/wp-json\/wp\/v2\/tags?post=6004"}],"curies":[{"name":"wp","href":"https:\/\/api.w.org\/{rel}","templated":true}]}}