{"id":5993,"date":"2019-07-29T15:54:09","date_gmt":"2019-07-29T15:54:09","guid":{"rendered":"http:\/\/www.radiopresidenteibanez.cl\/web\/?p=5993"},"modified":"2019-07-29T15:55:38","modified_gmt":"2019-07-29T15:55:38","slug":"persecucion-policial-logro-el-decomiso-de-drogas-y-la-detencion-de-un-extranjero","status":"publish","type":"post","link":"https:\/\/www.radiopresidenteibanez.cl\/web\/persecucion-policial-logro-el-decomiso-de-drogas-y-la-detencion-de-un-extranjero\/","title":{"rendered":"PERSECUCI\u00d3N POLICIAL LOGR\u00d3 EL DECOMISO DE DROGAS Y LA DETENCI\u00d3N DE DOS EXTRANJERO"},"content":{"rendered":"\n<p>En pleno sector c\u00e9ntrico de Punta Arenas, se realiz\u00f3 una persecuci\u00f3n policial luego de que Carabineros se percatar\u00e1 de un veh\u00edculo sospechoso que comenz\u00f3 su huida lanzando bolsas desde su interior hac\u00eda la calle las cuales en su interior mantendr\u00edan drogas. Ante esto los sujetos al llegar a calles Balmaceda con Se\u00f1oret abandonan el autom\u00f3vil y comienzan su fuga a pie, momento en que se logra la detenci\u00f3n de ambos sujetos de nacionalidad extranjera.<\/p>\n\n\n\n<p>&nbsp;Al momento de ser\nrevisado el veh\u00edculo por parte de Carabineros se pudo encontrar droga, dineros\ny otras especies de dudosa procedencia.<\/p>\n\n\n\n<p>Noticia en desarrollo.<\/p>\n","protected":false},"excerpt":{"rendered":"<p>En pleno sector c\u00e9ntrico de Punta Arenas, se realiz\u00f3 una persecuci\u00f3n policial luego de que Carabineros se percatar\u00e1 de un veh\u00edculo sospechoso que comenz\u00f3 su huida lanzando bolsas desde su&#8230; <a class=\"read-more\" href=\"https:\/\/www.radiopresidenteibanez.cl\/web\/persecucion-policial-logro-el-decomiso-de-drogas-y-la-detencion-de-un-extranjero\/\">Leer m\u00e1s<\/a><\/p>\n","protected":false},"author":2,"featured_media":740,"comment_status":"closed","ping_status":"closed","sticky":false,"template":"","format":"standard","meta":{"footnotes":""},"categories":[6],"tags":[],"class_list":["post-5993","post","type-post","status-publish","format-standard","has-post-thumbnail","hentry","category-policial"],"_links":{"self":[{"href":"https:\/\/www.radiopresidenteibanez.cl\/web\/wp-json\/wp\/v2\/posts\/5993","targetHints":{"allow":["GET"]}}],"collection":[{"href":"https:\/\/www.radiopresidenteibanez.cl\/web\/wp-json\/wp\/v2\/posts"}],"about":[{"href":"https:\/\/www.radiopresidenteibanez.cl\/web\/wp-json\/wp\/v2\/types\/post"}],"author":[{"embeddable":true,"href":"https:\/\/www.radiopresidenteibanez.cl\/web\/wp-json\/wp\/v2\/users\/2"}],"replies":[{"embeddable":true,"href":"https:\/\/www.radiopresidenteibanez.cl\/web\/wp-json\/wp\/v2\/comments?post=5993"}],"version-history":[{"count":0,"href":"https:\/\/www.radiopresidenteibanez.cl\/web\/wp-json\/wp\/v2\/posts\/5993\/revisions"}],"wp:featuredmedia":[{"embeddable":true,"href":"https:\/\/www.radiopresidenteibanez.cl\/web\/wp-json\/wp\/v2\/media\/740"}],"wp:attachment":[{"href":"https:\/\/www.radiopresidenteibanez.cl\/web\/wp-json\/wp\/v2\/media?parent=5993"}],"wp:term":[{"taxonomy":"category","embeddable":true,"href":"https:\/\/www.radiopresidenteibanez.cl\/web\/wp-json\/wp\/v2\/categories?post=5993"},{"taxonomy":"post_tag","embeddable":true,"href":"https:\/\/www.radiopresidenteibanez.cl\/web\/wp-json\/wp\/v2\/tags?post=5993"}],"curies":[{"name":"wp","href":"https:\/\/api.w.org\/{rel}","templated":true}]}}