{"id":59782,"date":"2025-10-30T18:09:00","date_gmt":"2025-10-30T21:09:00","guid":{"rendered":"https:\/\/www.radiopresidenteibanez.cl\/web\/?p=59782"},"modified":"2025-10-30T11:45:16","modified_gmt":"2025-10-30T14:45:16","slug":"centro-de-cumplimiento-juvenil-aborda-cuidado-y-salud-mental-de-jovenes-en-reinsercion","status":"publish","type":"post","link":"https:\/\/www.radiopresidenteibanez.cl\/web\/centro-de-cumplimiento-juvenil-aborda-cuidado-y-salud-mental-de-jovenes-en-reinsercion\/","title":{"rendered":"CENTRO DE CUMPLIMIENTO JUVENIL ABORDA CUIDADO Y SALUD MENTAL DE J\u00d3VENES EN REINSERCI\u00d3N"},"content":{"rendered":"\n<p>Los j\u00f3venes en proceso de reinserci\u00f3n enfrentan desaf\u00edos complejos de salud mental debido a diversos factores en su historial de vida, lo que sumado a las vivencias que provocan ansiedad o depresi\u00f3n, hacen que la salud mental se vea afectada, requiriendo de intervenciones no s\u00f3lo psicol\u00f3gicas, sino que de acciones que les permitan desarrollar habilidades de afrontamiento y de reconstrucci\u00f3n de su identidad.&nbsp;<\/p>\n\n\n\n<p>En ese contexto, el Centro de Cumplimiento Juvenil, dependiente del Servicio de Reinserci\u00f3n Social Juvenil de Magallanes, en el cuidado de la salud mental en los j\u00f3venes que cumplen sanci\u00f3n en el Centro IP IRC, ha implementado diversas iniciativas con apoyo de la psic\u00f3loga del Centro, la profesional Daniela Mart\u00ednez, quien se encuentra encargada de llevar adelante la intervenci\u00f3n en salud mental.<\/p>\n\n\n\n<p>Esta unidad ha puesto en marcha actividades de promoci\u00f3n y sensibilizaci\u00f3n del cuidado de salud mental al interior del Centro, con el fin de potenciar la expresi\u00f3n de los j\u00f3venes desde diversas formas, tanto en r\u00e9gimen de Internaci\u00f3n Provisoria (IP) como en el de Internaci\u00f3n en R\u00e9gimen Cerrado (IRC). Para ello, se llev\u00f3 a cabo un concurso de dibujo que se convirti\u00f3 en un espacio de participaci\u00f3n que permiti\u00f3 fomentar y visibilizar los recursos emocionales y personales de cada joven y c\u00f3mo cuidan su salud mental.&nbsp;<\/p>\n\n\n\n<p>El concurso de dibujo incluy\u00f3 la conformaci\u00f3n de un jurado, el que estuvo compuesto por tres funcionarios del \u00e1rea de administraci\u00f3n contable del Centro IP IRC, quienes tuvieron como principal tarea, premiar los dibujos seg\u00fan los requisitos establecidos.<\/p>\n\n\n\n<p>La premiaci\u00f3n de los primeros 3 lugares se llev\u00f3 a cabo en presencia de los funcionarios de las diferentes unidades t\u00e9cnicas del Centro de Cumplimiento Juvenil, ceremonia en la cual se entregaron est\u00edmulos a todos los participantes del concurso, como una forma de conmemorar tambi\u00e9n el \u00abDia Mundial de la salud Mental\u00bb.<\/p>\n\n\n\n<p>El&nbsp;<strong>joven Y.N<\/strong>, quien particip\u00f3 en el concurso y obtuvo el primer lugar, se\u00f1al\u00f3 que el concurso le permiti\u00f3 reconocer sus emociones. \u00bb Mi dibujo fue pensado en mis estrategias de cuando no me siento muy bien emocionalmente y cada uno de los cuadros, habla de uso esas formas para sentirme mejor. Haber ganado el premio fue satisfactorio, porque fue algo que me sali\u00f3 del momento, agradezco las oportunidades\u00bb.<\/p>\n\n\n\n<p>Por su parte, los miembros del jurado&nbsp;<strong>Marisol Ortega, Jessie Barrientos y \u00d3scar Jelvez, funcionarios del Departamento de Administraci\u00f3n del Centro IP IRC,&nbsp;<\/strong>expresaron su agradecimiento por haber participado como jueces en el concurso de dibujo sobre Salud Mental. \u201cPara nosotros, como parte del equipo del Departamento de Administraci\u00f3n, fue un verdadero agrado haber colaborado en esta significativa actividad, que busca promover la reflexi\u00f3n y el cuidado de la salud mental entre nuestros j\u00f3venes. Pusimos todo nuestro compromiso y criterio en el desarrollo de esta labor encomendada, contribuyendo con un granito de arena a esta iniciativa. Nos sentimos profundamente conmovidos al reconocer el talento y la expresi\u00f3n de los participantes\u201d, se\u00f1alaron.<\/p>\n\n\n\n<p>Finalmente, el&nbsp;<strong>Director Regional del Servicio de Reinserci\u00f3n Social Juvenil, C\u00e9sar Montiel<\/strong>, valor\u00f3 el espacio de participaci\u00f3n y creatividad de la actividad y el compromiso de los funcionarios del Centro de Cumplimiento Juvenil en promover actividades de sensibilizaci\u00f3n para los j\u00f3venes. \u201cAgradecemos tambi\u00e9n al jurado por su disposici\u00f3n a colaborar en una actividad que fomenta la participaci\u00f3n de los j\u00f3venes en actividades que promueven su expresi\u00f3n emocional.&nbsp;Y a los chiquillos que decidieron participar, les reiteramos nuestro compromiso a seguir trabajando por fomentar ambientes donde ellos se sientan seguros para hablar y compartir sus experiencias sin temor a ser juzgados. Es fundamental abordar la salud mental desde una mirada integral para detectar necesidades espec\u00edficas y ofrecer apoyo adaptados a sus experiencias, para que aprendan sobre todo a manejar el estr\u00e9s, a resolver conflictos y fortalecer su autonom\u00eda para que despu\u00e9s, cuando cumplan su sanci\u00f3n, puedan utilizar estos aprendizajes en su vida diaria\u201d.<\/p>\n","protected":false},"excerpt":{"rendered":"<p>Los j\u00f3venes en proceso de reinserci\u00f3n enfrentan desaf\u00edos complejos de salud mental debido a diversos factores en su historial de vida, lo que sumado a las vivencias que provocan ansiedad&#8230; <a class=\"read-more\" href=\"https:\/\/www.radiopresidenteibanez.cl\/web\/centro-de-cumplimiento-juvenil-aborda-cuidado-y-salud-mental-de-jovenes-en-reinsercion\/\">Leer m\u00e1s<\/a><\/p>\n","protected":false},"author":2,"featured_media":59783,"comment_status":"closed","ping_status":"closed","sticky":false,"template":"","format":"standard","meta":{"footnotes":""},"categories":[1],"tags":[],"class_list":["post-59782","post","type-post","status-publish","format-standard","has-post-thumbnail","hentry","category-cronica"],"_links":{"self":[{"href":"https:\/\/www.radiopresidenteibanez.cl\/web\/wp-json\/wp\/v2\/posts\/59782","targetHints":{"allow":["GET"]}}],"collection":[{"href":"https:\/\/www.radiopresidenteibanez.cl\/web\/wp-json\/wp\/v2\/posts"}],"about":[{"href":"https:\/\/www.radiopresidenteibanez.cl\/web\/wp-json\/wp\/v2\/types\/post"}],"author":[{"embeddable":true,"href":"https:\/\/www.radiopresidenteibanez.cl\/web\/wp-json\/wp\/v2\/users\/2"}],"replies":[{"embeddable":true,"href":"https:\/\/www.radiopresidenteibanez.cl\/web\/wp-json\/wp\/v2\/comments?post=59782"}],"version-history":[{"count":0,"href":"https:\/\/www.radiopresidenteibanez.cl\/web\/wp-json\/wp\/v2\/posts\/59782\/revisions"}],"wp:featuredmedia":[{"embeddable":true,"href":"https:\/\/www.radiopresidenteibanez.cl\/web\/wp-json\/wp\/v2\/media\/59783"}],"wp:attachment":[{"href":"https:\/\/www.radiopresidenteibanez.cl\/web\/wp-json\/wp\/v2\/media?parent=59782"}],"wp:term":[{"taxonomy":"category","embeddable":true,"href":"https:\/\/www.radiopresidenteibanez.cl\/web\/wp-json\/wp\/v2\/categories?post=59782"},{"taxonomy":"post_tag","embeddable":true,"href":"https:\/\/www.radiopresidenteibanez.cl\/web\/wp-json\/wp\/v2\/tags?post=59782"}],"curies":[{"name":"wp","href":"https:\/\/api.w.org\/{rel}","templated":true}]}}