{"id":59776,"date":"2025-10-30T16:39:00","date_gmt":"2025-10-30T19:39:00","guid":{"rendered":"https:\/\/www.radiopresidenteibanez.cl\/web\/?p=59776"},"modified":"2025-10-30T11:25:51","modified_gmt":"2025-10-30T14:25:51","slug":"isl-magallanes-establece-su-tercera-alianza-regional-para-difundir-el-seguro-de-accidentes-laborales","status":"publish","type":"post","link":"https:\/\/www.radiopresidenteibanez.cl\/web\/isl-magallanes-establece-su-tercera-alianza-regional-para-difundir-el-seguro-de-accidentes-laborales\/","title":{"rendered":"ISL Magallanes establece su tercera alianza regional para difundir el seguro de accidentes laborales"},"content":{"rendered":"\n<p>En conjunto con el Hospital de Porvenir y con el apoyo de<br>la Delegaci\u00f3n Presidencial Provincial de Tierra del Fuego, el Instituto de Seguridad Laboral (ISL) de<br>Magallanes estableci\u00f3, de manera in\u00e9dita, la tercera alianza a nivel regional para difundir y<br>visibilizar entre los trabajadores y la comunidad la campa\u00f1a apodada \u201cIdentificar Accidentes<br>Laborales Salva Vidas\u201d, que promueve el uso del Seguro de Accidentes Laborales y Enfermedades<br>Profesionales correspondiente a la Ley 16.744.<br>Esta normativa, como es sabido, incluye el derecho de todas y todos los trabajadores a acceder a<br>atenci\u00f3n de salud en caso de accidentes a causa o con ocasi\u00f3n de sus labores, tambi\u00e9n en caso de<br>accidentes de trayecto desde y hacia sus lugares de trabajo; y, por \u00faltimo, otorga cobertura ante la<br>presencia de una enfermedad desarrollada a ra\u00edz de sus funciones.<br>La seremi del Trabajo, Jessica Bengoa Mayorga, explic\u00f3 por qu\u00e9 es tan importante esta alianza<br>establecida con el tercer hospital de la regi\u00f3n \u2013 en este caso, en la capital de Tierra del Fuego-<br>llamando a la comunidad a conocer sus derechos y hacer uso de estos en caso de accidentes de<br>trabajo.<br>\u201cEstamos haciendo un llamado sumamente relevante a todas las y los trabajadores de la regi\u00f3n -y,<br>en particular, en esta ocasi\u00f3n, a quienes viven y trabajan en la provincia de Tierra del Fuego- a<br>informarse sobre el seguro de accidentes laborales, a informar debidamente en el hospital cuando<br>ocurra un accidente de este tipo y, sobre todo, hacer uso correcto de esta importante cobertura<br>que otorga la Ley. Esto no es algo que se pueda utilizar si quiero o no, nosotros estamos<br>mandatados a difundir la normativa para que todos la conozcan y para que se acojan a sus<br>beneficios\u201d, recalc\u00f3 la autoridad laboral.<br>Por su parte, la directora regional del ISL, Marilyn C\u00e1rdenas Gonz\u00e1lez, expres\u00f3 que \u201cen conjunto<br>con el Hospital de Porvenir, dimos inicio a una etapa fundamental en la protecci\u00f3n de la salud y<br>seguridad de nuestros trabajadores, con el lanzamiento de la campa\u00f1a \u201cIdentificar accidentes<br>laborales salva vidas\u201d. Esta iniciativa tiene como objetivo educar y sensibilizar a la comunidad<br>sobre la importancia de reconocer correctamente los accidentes de origen laboral, asegurando<br>que los trabajadores reciban la atenci\u00f3n y cobertura que les corresponde conforme a la Ley<br>16.744\u201d.<\/p>\n\n\n\n<p>A trav\u00e9s de esta campa\u00f1a, agreg\u00f3 C\u00e1rdenas, \u201cbuscamos entregar a empleadores, trabajadores y<br>profesionales de la salud las herramientas necesarias para detectar, reportar y derivar los<br>accidentes laborales de manera eficaz. Esto permitir\u00e1 optimizar el acceso al Seguro contra Riesgos<br>de Accidentes del Trabajo y Enfermedades Profesionales, garantizando una atenci\u00f3n oportuna y<br>contribuyendo al bienestar y seguridad de toda nuestra comunidad\u201d.<br>Este pacto tambi\u00e9n aborda la difusi\u00f3n y visibilizaci\u00f3n del Seguro Escolar, que hoy tambi\u00e9n se<br>encuentra subutilizado por la poblaci\u00f3n en general. Por lo cual, su promoci\u00f3n resulta fundamental<br>y necesaria.<br>En ese sentido, apoyando este importante objetivo, la directora del Hospital de Porvenir, Altayra<br>Fehrmann Vargas, declar\u00f3 que \u201cen conjunto con el ISL Magallanes y la Delegaci\u00f3n Presidencial<br>Provincial de Tierra del Fuego, realizamos una reuni\u00f3n centrada en el lanzamiento de gr\u00e1ficas<br>informativas sobre el Seguro Escolar y la Ley 16.744. Importante es se\u00f1alar que este Seguro<br>Escolar es un beneficio que protege a todos los estudiantes regulares ante accidentes ocurridos<br>durante sus estudios, como tambi\u00e9n accidentes que puedan producirse durante los trayectos a los<br>establecimientos educacionales\u201d.<br>Este seguro, adem\u00e1s, garantiza la atenci\u00f3n m\u00e9dica gratuita en la red de salud p\u00fablica y tambi\u00e9n<br>apoyo econ\u00f3mico en caso de que los accidentes sean considerados como graves. Al respecto,<br>Fehrmann agreg\u00f3 que: \u201cComo hospital renovamos el compromiso respecto a trabajar<br>mancomunadamente con la comunidad escolar y en conjunto con el ISL con el objetivo de<br>promover el conocimiento respecto a c\u00f3mo opera esta normativa. En este marco, impulsaremos<br>capacitaciones dirigidas especialmente a apoderadas y apoderados e integrantes de los equipos<br>educativos par fortalecer la activaci\u00f3n oportuna del seguro escolar y tambi\u00e9n el acompa\u00f1amiento<br>en situaciones de emergencia\u201d.<br>Esta campa\u00f1a pionera a nivel nacional surge de una iniciativa regional del ISL Magallanes, con<br>apoyo de la Seremi del Trabajo, las Delegaciones Presidenciales Provinciales y los respectivos<br>hospitales de cada localidad.<\/p>\n","protected":false},"excerpt":{"rendered":"<p>En conjunto con el Hospital de Porvenir y con el apoyo dela Delegaci\u00f3n Presidencial Provincial de Tierra del Fuego, el Instituto de Seguridad Laboral (ISL) deMagallanes estableci\u00f3, de manera in\u00e9dita,&#8230; <a class=\"read-more\" href=\"https:\/\/www.radiopresidenteibanez.cl\/web\/isl-magallanes-establece-su-tercera-alianza-regional-para-difundir-el-seguro-de-accidentes-laborales\/\">Leer m\u00e1s<\/a><\/p>\n","protected":false},"author":2,"featured_media":59777,"comment_status":"closed","ping_status":"closed","sticky":false,"template":"","format":"standard","meta":{"footnotes":""},"categories":[1],"tags":[],"class_list":["post-59776","post","type-post","status-publish","format-standard","has-post-thumbnail","hentry","category-cronica"],"_links":{"self":[{"href":"https:\/\/www.radiopresidenteibanez.cl\/web\/wp-json\/wp\/v2\/posts\/59776","targetHints":{"allow":["GET"]}}],"collection":[{"href":"https:\/\/www.radiopresidenteibanez.cl\/web\/wp-json\/wp\/v2\/posts"}],"about":[{"href":"https:\/\/www.radiopresidenteibanez.cl\/web\/wp-json\/wp\/v2\/types\/post"}],"author":[{"embeddable":true,"href":"https:\/\/www.radiopresidenteibanez.cl\/web\/wp-json\/wp\/v2\/users\/2"}],"replies":[{"embeddable":true,"href":"https:\/\/www.radiopresidenteibanez.cl\/web\/wp-json\/wp\/v2\/comments?post=59776"}],"version-history":[{"count":0,"href":"https:\/\/www.radiopresidenteibanez.cl\/web\/wp-json\/wp\/v2\/posts\/59776\/revisions"}],"wp:featuredmedia":[{"embeddable":true,"href":"https:\/\/www.radiopresidenteibanez.cl\/web\/wp-json\/wp\/v2\/media\/59777"}],"wp:attachment":[{"href":"https:\/\/www.radiopresidenteibanez.cl\/web\/wp-json\/wp\/v2\/media?parent=59776"}],"wp:term":[{"taxonomy":"category","embeddable":true,"href":"https:\/\/www.radiopresidenteibanez.cl\/web\/wp-json\/wp\/v2\/categories?post=59776"},{"taxonomy":"post_tag","embeddable":true,"href":"https:\/\/www.radiopresidenteibanez.cl\/web\/wp-json\/wp\/v2\/tags?post=59776"}],"curies":[{"name":"wp","href":"https:\/\/api.w.org\/{rel}","templated":true}]}}