{"id":59773,"date":"2025-10-30T15:49:00","date_gmt":"2025-10-30T18:49:00","guid":{"rendered":"https:\/\/www.radiopresidenteibanez.cl\/web\/?p=59773"},"modified":"2025-10-30T10:28:10","modified_gmt":"2025-10-30T13:28:10","slug":"subsecretaria-del-minvu-inaugura-parque-costanera-del-estrecho-e-inicia-el-mes-del-urbanismo-en-magallanes","status":"publish","type":"post","link":"https:\/\/www.radiopresidenteibanez.cl\/web\/subsecretaria-del-minvu-inaugura-parque-costanera-del-estrecho-e-inicia-el-mes-del-urbanismo-en-magallanes\/","title":{"rendered":"Subsecretaria del Minvu inaugura Parque Costanera del Estrecho e inicia el Mes del Urbanismo en Magallanes"},"content":{"rendered":"\n<p>Con una jornada familiar y participativa, la subsecretaria de Vivienda y Urbanismo,&nbsp;<strong>Gabriela Elgueta Poblete<\/strong>, encabez\u00f3 la entrega al uso p\u00fablico del Parque de Juegos y Esparcimiento Costanera del Estrecho, un nuevo espacio que consolida la recuperaci\u00f3n del borde costero de Punta Arenas y da inicio al Mes del Urbanismo en la regi\u00f3n de Magallanes, bajo el lema \u201c60 a\u00f1os construyendo cambios\u201d.<\/p>\n\n\n\n<p>El proyecto, ejecutado por el Servicio de Vivienda y Urbanizaci\u00f3n (SERVIU) de Magallanes, consider\u00f3 una inversi\u00f3n sectorial de $1.830 millones y una intervenci\u00f3n de 3.800m\u00b2 entre Club H\u00edpico y Jos\u00e9 Velastegui.<\/p>\n\n\n\n<p>\u201cEstamos muy contentos como Ministerio, porque este parque muestra c\u00f3mo el Minvu se despliega en la regi\u00f3n, no solo construyendo viviendas, sino tambi\u00e9n generando espacios p\u00fablicos de calidad. Esta tercera etapa del Parque Costanera del Estrecho incorpora accesibilidad universal, pavimentos renovados, mobiliario urbano, paisajismo y juegos de alto est\u00e1ndar que mejoran la vida cotidiana de las familias. Es un espacio seguro, inclusivo y de alto nivel en dise\u00f1o urbano\u201d, coment\u00f3 la subsecretaria Elgueta.<\/p>\n\n\n\n<p>La obra incluy\u00f3 pavimentos accesibles, iluminaci\u00f3n eficiente, mobiliario urbano, paisajismo con especies adaptadas al clima austral y una amplia zona de juegos infantiles de est\u00e1ndar internacional.<\/p>\n\n\n\n<p>\u201cEsta intervenci\u00f3n de 3.800 metros cuadrados privilegia la accesibilidad universal y la seguridad de los ni\u00f1os y ni\u00f1as. Es un parque \u00fanico en la costanera, con \u00e1reas diferenciadas por edades, luminarias que permiten su uso nocturno y un est\u00e1ndar de equipamiento que se integra al paisaje urbano de Punta Arenas. Invitamos a la comunidad a cuidar estos espacios, porque son un beneficio para todos\u201d, dijo el&nbsp;director (s) del SERVIU Magallanes,&nbsp;<strong>Omar Gonz\u00e1lez Asenjo<\/strong>.<\/p>\n\n\n\n<p>El parque se dise\u00f1\u00f3 para distintas edades y necesidades, con juegos modulares importados desde Europa y Estados Unidos, un piso de caucho con figuras inspiradas en la fauna local y una cancha deportiva hexagonal.<\/p>\n\n\n\n<p><strong>Pablo Cuiti\u00f1o Barr\u00eda<\/strong>, uno de los ni\u00f1os que prob\u00f3 los nuevos juegos, dio su opini\u00f3n: \u201cEl parque est\u00e1 muy bueno, tiene juegos grandes y distintos, como el muro de escalada, que casi no se ve en Punta Arenas. Es un lugar divertido y ojal\u00e1 que todos lo cuiden\u201d.<\/p>\n\n\n\n<p>A la actividad asistieron ni\u00f1as y ni\u00f1os del Jard\u00edn Infantil Costanera de la Junji y estudiantes de cuarto b\u00e1sico del colegio Charles Darwin, quienes participaron con entusiasmo en los juegos y actividades preparadas, dando vida a este nuevo espacio p\u00fablico de la ciudad.<\/p>\n\n\n\n<p>\u201cEste parque ofrece una gran oportunidad para que las familias disfruten y compartan junto a sus hijos. Los juegos son amplios y seguros, e invitan a participar y fortalecen los lazos familiares. Sin duda, es un valioso aporte desde la pol\u00edtica p\u00fablica\u201d, dijo&nbsp;<strong>Paola Valenzuela Pino<\/strong>, directora regional de Junji.<\/p>\n\n\n\n<p>Finalmente, la subsecretaria Gabriela Elgueta destac\u00f3 que con esta actividad se da inicio al Mes del Urbanismo en Magallanes:&nbsp;\u201cEs un a\u00f1o muy especial. Es un momento para valorar los aportes del Ministerio en el pasado y proyectar los desaf\u00edos de la pol\u00edtica urbana y habitacional hacia el futuro. Este mes ser\u00e1 una celebraci\u00f3n del trabajo sostenido que el Minvu realiza en todo Chile, impulsando programas como Peque\u00f1as Localidades y Quiero Mi Barrio, que tambi\u00e9n cumplen aniversarios importantes\u201d.<\/p>\n\n\n\n<p>El&nbsp;<strong>Mes del Urbanismo 2025<\/strong>&nbsp;se extender\u00e1 hasta el 4 de diciembre, con actividades en todo el pa\u00eds que buscan visibilizar los avances en planificaci\u00f3n urbana y participaci\u00f3n ciudadana.<\/p>\n","protected":false},"excerpt":{"rendered":"<p>Con una jornada familiar y participativa, la subsecretaria de Vivienda y Urbanismo,&nbsp;Gabriela Elgueta Poblete, encabez\u00f3 la entrega al uso p\u00fablico del Parque de Juegos y Esparcimiento Costanera del Estrecho, un&#8230; <a class=\"read-more\" href=\"https:\/\/www.radiopresidenteibanez.cl\/web\/subsecretaria-del-minvu-inaugura-parque-costanera-del-estrecho-e-inicia-el-mes-del-urbanismo-en-magallanes\/\">Leer m\u00e1s<\/a><\/p>\n","protected":false},"author":2,"featured_media":59774,"comment_status":"closed","ping_status":"closed","sticky":false,"template":"","format":"standard","meta":{"footnotes":""},"categories":[1],"tags":[],"class_list":["post-59773","post","type-post","status-publish","format-standard","has-post-thumbnail","hentry","category-cronica"],"_links":{"self":[{"href":"https:\/\/www.radiopresidenteibanez.cl\/web\/wp-json\/wp\/v2\/posts\/59773","targetHints":{"allow":["GET"]}}],"collection":[{"href":"https:\/\/www.radiopresidenteibanez.cl\/web\/wp-json\/wp\/v2\/posts"}],"about":[{"href":"https:\/\/www.radiopresidenteibanez.cl\/web\/wp-json\/wp\/v2\/types\/post"}],"author":[{"embeddable":true,"href":"https:\/\/www.radiopresidenteibanez.cl\/web\/wp-json\/wp\/v2\/users\/2"}],"replies":[{"embeddable":true,"href":"https:\/\/www.radiopresidenteibanez.cl\/web\/wp-json\/wp\/v2\/comments?post=59773"}],"version-history":[{"count":0,"href":"https:\/\/www.radiopresidenteibanez.cl\/web\/wp-json\/wp\/v2\/posts\/59773\/revisions"}],"wp:featuredmedia":[{"embeddable":true,"href":"https:\/\/www.radiopresidenteibanez.cl\/web\/wp-json\/wp\/v2\/media\/59774"}],"wp:attachment":[{"href":"https:\/\/www.radiopresidenteibanez.cl\/web\/wp-json\/wp\/v2\/media?parent=59773"}],"wp:term":[{"taxonomy":"category","embeddable":true,"href":"https:\/\/www.radiopresidenteibanez.cl\/web\/wp-json\/wp\/v2\/categories?post=59773"},{"taxonomy":"post_tag","embeddable":true,"href":"https:\/\/www.radiopresidenteibanez.cl\/web\/wp-json\/wp\/v2\/tags?post=59773"}],"curies":[{"name":"wp","href":"https:\/\/api.w.org\/{rel}","templated":true}]}}