{"id":59770,"date":"2025-10-30T14:17:00","date_gmt":"2025-10-30T17:17:00","guid":{"rendered":"https:\/\/www.radiopresidenteibanez.cl\/web\/?p=59770"},"modified":"2025-10-30T10:21:18","modified_gmt":"2025-10-30T13:21:18","slug":"director-de-la-sociedad-de-geriatria-y-gerontologia-de-chile-destaca-labor-del-hospital-clinico-magallanes","status":"publish","type":"post","link":"https:\/\/www.radiopresidenteibanez.cl\/web\/director-de-la-sociedad-de-geriatria-y-gerontologia-de-chile-destaca-labor-del-hospital-clinico-magallanes\/","title":{"rendered":"Director de la Sociedad de Geriatr\u00eda y Gerontolog\u00eda de Chile destaca labor del Hospital Cl\u00ednico Magallanes"},"content":{"rendered":"\n<p>En el marco del <strong>Mes de la Persona Mayor<\/strong> y de las <strong>VIII Jornadas de Geriatr\u00eda del Sur<\/strong>, el <strong>Directorio de la Sociedad de Geriatr\u00eda y Gerontolog\u00eda de Chile (SGGCh)<\/strong>, encabezado por su presidente, <strong>Dr. Jaime Hidalgo Anfossy<\/strong>, realiz\u00f3 una <strong>visita al Hospital Cl\u00ednico Magallanes (HCM)<\/strong>, siendo recibido por el <strong>Director del establecimiento, Sr. Ricardo Contreras Fa\u00fandez<\/strong>.<\/p>\n\n\n\n<p>El encuentro tuvo como prop\u00f3sito <strong>reconocer el trabajo institucional del HCM en la atenci\u00f3n integral de personas mayores<\/strong> y <strong>fortalecer los v\u00ednculos de colaboraci\u00f3n<\/strong> entre ambas entidades, en el contexto de la primera vez que estas jornadas se desarrollan en la regi\u00f3n de Magallanes.<\/p>\n\n\n\n<p>Posteriormente, las autoridades de la SGGCh se dirigieron al <strong>Centro de Responsabilidad de Medicina F\u00edsica y Rehabilitaci\u00f3n<\/strong>, donde funciona la <strong>Unidad de Geriatr\u00eda del Hospital Cl\u00ednico de Magallanes<\/strong>, para conocer en terreno el funcionamiento de los equipos cl\u00ednicos, las l\u00edneas de atenci\u00f3n geri\u00e1trica y las estrategias implementadas para la promoci\u00f3n de la salud y la calidad de vida de las personas mayores.<\/p>\n\n\n\n<hr class=\"wp-block-separator has-alpha-channel-opacity\"\/>\n\n\n\n<p><strong>Un espacio de encuentro y proyecci\u00f3n<\/strong><\/p>\n\n\n\n<p>Durante la jornada, el <strong>Dr. Jaime Hidalgo<\/strong>, m\u00e9dico internista y geriatra, destac\u00f3 el valor del encuentro desarrollado en la regi\u00f3n y la organizaci\u00f3n local que ha permitido posicionar a Magallanes como un referente en la atenci\u00f3n de personas mayores desde una mirada interdisciplinaria:<\/p>\n\n\n\n<p>\u201cHa sido un \u00e9xito la convocatoria que el equipo de Geriatr\u00eda y de Rehabilitaci\u00f3n que tienen aqu\u00ed en el Hospital de Punta Arenas ha logrado desarrollar. Son las primeras jornadas que se realizan en la regi\u00f3n, con un enfoque interdisciplinar que involucra a muchos de los profesionales que trabajan con personas mayores, tanto a nivel regional como nacional. Esto proyecta un futuro muy interesante para la geriatr\u00eda en el extremo sur del pa\u00eds\u201d, se\u00f1al\u00f3.<\/p>\n\n\n\n<p>El presidente de la SGGCh valor\u00f3 tambi\u00e9n el trabajo que realiza el hospital a trav\u00e9s de su Unidad de Geriatr\u00eda, relevando las iniciativas que apuntan a fortalecer la rehabilitaci\u00f3n y el acompa\u00f1amiento continuo de los pacientes mayores.<\/p>\n\n\n\n<p>\u201cHa sido una grata sorpresa conocer las distintas coordinaciones e iniciativas que se est\u00e1n desarrollando. Existe una clara potenciaci\u00f3n del trabajo en rehabilitaci\u00f3n, tanto intra como extrahospitalario, que busca generar beneficios concretos para la comunidad y mantener uno de los ejes fundamentales de la geriatr\u00eda: <strong>preservar la autonom\u00eda y funcionalidad de las personas mayores el mayor tiempo posible<\/strong>\u201d, expres\u00f3 el Dr. Hidalgo.<\/p>\n\n\n\n<p>Finalmente, el especialista destac\u00f3 la importancia del <strong>trabajo sin\u00e9rgico entre geriatr\u00eda, fisiatr\u00eda, kinesiolog\u00eda, terapia ocupacional y fonoaudiolog\u00eda<\/strong>, se\u00f1alando que este enfoque integral permite acompa\u00f1ar a los pacientes en su proceso de recuperaci\u00f3n hasta lograr que retomen su autonom\u00eda y participaci\u00f3n activa en la vida comunitaria.<\/p>\n\n\n\n<hr class=\"wp-block-separator has-alpha-channel-opacity\"\/>\n\n\n\n<p>Con esta visita, la <strong>Sociedad de Geriatr\u00eda y Gerontolog\u00eda de Chile<\/strong> reafirma su compromiso con la <strong>descentralizaci\u00f3n de la formaci\u00f3n m\u00e9dica<\/strong> y la <strong>difusi\u00f3n del conocimiento cient\u00edfico<\/strong>, mientras que el <strong>Hospital Cl\u00ednico Magallanes<\/strong> consolida su rol como un actor clave en la promoci\u00f3n de un <strong>envejecimiento saludable y digno en la Patagonia<\/strong>.<\/p>\n","protected":false},"excerpt":{"rendered":"<p>En el marco del Mes de la Persona Mayor y de las VIII Jornadas de Geriatr\u00eda del Sur, el Directorio de la Sociedad de Geriatr\u00eda y Gerontolog\u00eda de Chile (SGGCh),&#8230; <a class=\"read-more\" href=\"https:\/\/www.radiopresidenteibanez.cl\/web\/director-de-la-sociedad-de-geriatria-y-gerontologia-de-chile-destaca-labor-del-hospital-clinico-magallanes\/\">Leer m\u00e1s<\/a><\/p>\n","protected":false},"author":2,"featured_media":59771,"comment_status":"closed","ping_status":"closed","sticky":false,"template":"","format":"standard","meta":{"footnotes":""},"categories":[1],"tags":[],"class_list":["post-59770","post","type-post","status-publish","format-standard","has-post-thumbnail","hentry","category-cronica"],"_links":{"self":[{"href":"https:\/\/www.radiopresidenteibanez.cl\/web\/wp-json\/wp\/v2\/posts\/59770","targetHints":{"allow":["GET"]}}],"collection":[{"href":"https:\/\/www.radiopresidenteibanez.cl\/web\/wp-json\/wp\/v2\/posts"}],"about":[{"href":"https:\/\/www.radiopresidenteibanez.cl\/web\/wp-json\/wp\/v2\/types\/post"}],"author":[{"embeddable":true,"href":"https:\/\/www.radiopresidenteibanez.cl\/web\/wp-json\/wp\/v2\/users\/2"}],"replies":[{"embeddable":true,"href":"https:\/\/www.radiopresidenteibanez.cl\/web\/wp-json\/wp\/v2\/comments?post=59770"}],"version-history":[{"count":0,"href":"https:\/\/www.radiopresidenteibanez.cl\/web\/wp-json\/wp\/v2\/posts\/59770\/revisions"}],"wp:featuredmedia":[{"embeddable":true,"href":"https:\/\/www.radiopresidenteibanez.cl\/web\/wp-json\/wp\/v2\/media\/59771"}],"wp:attachment":[{"href":"https:\/\/www.radiopresidenteibanez.cl\/web\/wp-json\/wp\/v2\/media?parent=59770"}],"wp:term":[{"taxonomy":"category","embeddable":true,"href":"https:\/\/www.radiopresidenteibanez.cl\/web\/wp-json\/wp\/v2\/categories?post=59770"},{"taxonomy":"post_tag","embeddable":true,"href":"https:\/\/www.radiopresidenteibanez.cl\/web\/wp-json\/wp\/v2\/tags?post=59770"}],"curies":[{"name":"wp","href":"https:\/\/api.w.org\/{rel}","templated":true}]}}