{"id":59767,"date":"2025-10-30T12:30:00","date_gmt":"2025-10-30T15:30:00","guid":{"rendered":"https:\/\/www.radiopresidenteibanez.cl\/web\/?p=59767"},"modified":"2025-10-30T10:11:58","modified_gmt":"2025-10-30T13:11:58","slug":"gobierno-llama-a-participar-informados-en-las-elecciones-presidenciales-y-parlamentarias-2025","status":"publish","type":"post","link":"https:\/\/www.radiopresidenteibanez.cl\/web\/gobierno-llama-a-participar-informados-en-las-elecciones-presidenciales-y-parlamentarias-2025\/","title":{"rendered":"Gobierno llama a participar informados en las Elecciones Presidenciales y Parlamentarias 2025"},"content":{"rendered":"\n<p>El pr\u00f3ximo domingo 16 de noviembre, Chile vivir\u00e1 una jornada democr\u00e1tica<br>clave: se elegir\u00e1 a la Presidenta o Presidente de la Rep\u00fablica, diputadas,<br>diputados y parte del Senado. Frente a este importante proceso, el Gobierno<br>ha reiterado el llamado a ejercer el derecho y deber de votar de manera<br>informada, consciente y responsable, fortaleciendo as\u00ed la participaci\u00f3n<br>ciudadana y el compromiso con el futuro del pa\u00eds.<br>El voto es obligatorio, y cada sufragio cuenta en la construcci\u00f3n del Chile que<br>queremos. Por ello, las autoridades han destacado la importancia de<br>informarse antes de decidir, revisando las propuestas de las candidaturas y<br>acudiendo a los locales de votaci\u00f3n con c\u00e9dula de identidad o pasaporte<br>vigente \u2014incluso si estos documentos se encuentran vencidos hasta por un<br>a\u00f1o\u2014, adem\u00e1s de portar l\u00e1piz de pasta azul.<br>En la regi\u00f3n de Magallanes y de la Ant\u00e1rtica Chilena, 160 mil personas se<br>encuentran habilitadas para sufragar, distribuidas en 423 mesas a lo largo del<br>territorio. El Gobierno, junto a Servel y las instituciones involucradas, ha<br>dispuesto todas las medidas necesarias para garantizar la seguridad, el<br>transporte y la accesibilidad, incluyendo servicios especiales para zonas rurales<br>y aisladas, con el fin de que nadie quede fuera de este acto c\u00edvico. Asimismo,<br>se record\u00f3 que las n\u00f3minas de los vocales de mesa y miembros de colegios<br>escrutadores fueron publicadas por el Servicio Electoral (Servel) el s\u00e1bado 25<br>de octubre, disponibles para su consulta en www.servel.cl<br>Los vocales de mesa son esenciales para el correcto desarrollo del proceso<br>electoral. La ley establece que el cumplimiento de esta labor es obligatorio, y<br>que el no presentarse sin excusa v\u00e1lida puede conllevar multas que fluct\u00faan<br>entre 2 y 8 UTM (aproximadamente entre $138.000 y $554.000).<br>En este contexto, el seremi de Gobierno, Andro Mimica, subray\u00f3 la relevancia<br>del compromiso ciudadano tanto de electores como de quienes han sido<br>designados vocales de mesa: \u201cEl d\u00eda s\u00e1bado reci\u00e9n pasado se publicaron las<br>n\u00f3minas de vocales de mesa que deben concurrir hasta los locales de votaci\u00f3n.<br>El tiempo de excusa se ha abierto desde este lunes hasta el mi\u00e9rcoles. Quienes<br>no se excusen tienen la obligatoriedad de ir y, si es que no asisten, tendr\u00e1n<br>multas entre las 2 y 8 UTM. Recordemos que para este periodo eleccionario,<\/p>\n\n\n\n<p>parlamentario y presidencial en la regi\u00f3n de Magallanes hay 160.000 electores<br>habilitados para sufragar en 423 mesas en todo el territorio regional\u201d, se\u00f1al\u00f3 el<br>vocero de Gobierno.<br>Finalmente, las autoridad llama a toda la ciudadan\u00eda a revisar su informaci\u00f3n<br>electoral y el lugar donde le corresponde votar en servel.cl, as\u00ed como a conocer<br>m\u00e1s detalles sobre el proceso en chilevotainformado.cl.<\/p>\n","protected":false},"excerpt":{"rendered":"<p>El pr\u00f3ximo domingo 16 de noviembre, Chile vivir\u00e1 una jornada democr\u00e1ticaclave: se elegir\u00e1 a la Presidenta o Presidente de la Rep\u00fablica, diputadas,diputados y parte del Senado. Frente a este importante&#8230; <a class=\"read-more\" href=\"https:\/\/www.radiopresidenteibanez.cl\/web\/gobierno-llama-a-participar-informados-en-las-elecciones-presidenciales-y-parlamentarias-2025\/\">Leer m\u00e1s<\/a><\/p>\n","protected":false},"author":2,"featured_media":59768,"comment_status":"closed","ping_status":"closed","sticky":false,"template":"","format":"standard","meta":{"footnotes":""},"categories":[1],"tags":[],"class_list":["post-59767","post","type-post","status-publish","format-standard","has-post-thumbnail","hentry","category-cronica"],"_links":{"self":[{"href":"https:\/\/www.radiopresidenteibanez.cl\/web\/wp-json\/wp\/v2\/posts\/59767","targetHints":{"allow":["GET"]}}],"collection":[{"href":"https:\/\/www.radiopresidenteibanez.cl\/web\/wp-json\/wp\/v2\/posts"}],"about":[{"href":"https:\/\/www.radiopresidenteibanez.cl\/web\/wp-json\/wp\/v2\/types\/post"}],"author":[{"embeddable":true,"href":"https:\/\/www.radiopresidenteibanez.cl\/web\/wp-json\/wp\/v2\/users\/2"}],"replies":[{"embeddable":true,"href":"https:\/\/www.radiopresidenteibanez.cl\/web\/wp-json\/wp\/v2\/comments?post=59767"}],"version-history":[{"count":0,"href":"https:\/\/www.radiopresidenteibanez.cl\/web\/wp-json\/wp\/v2\/posts\/59767\/revisions"}],"wp:featuredmedia":[{"embeddable":true,"href":"https:\/\/www.radiopresidenteibanez.cl\/web\/wp-json\/wp\/v2\/media\/59768"}],"wp:attachment":[{"href":"https:\/\/www.radiopresidenteibanez.cl\/web\/wp-json\/wp\/v2\/media?parent=59767"}],"wp:term":[{"taxonomy":"category","embeddable":true,"href":"https:\/\/www.radiopresidenteibanez.cl\/web\/wp-json\/wp\/v2\/categories?post=59767"},{"taxonomy":"post_tag","embeddable":true,"href":"https:\/\/www.radiopresidenteibanez.cl\/web\/wp-json\/wp\/v2\/tags?post=59767"}],"curies":[{"name":"wp","href":"https:\/\/api.w.org\/{rel}","templated":true}]}}