{"id":59764,"date":"2025-10-30T11:39:00","date_gmt":"2025-10-30T14:39:00","guid":{"rendered":"https:\/\/www.radiopresidenteibanez.cl\/web\/?p=59764"},"modified":"2025-10-30T09:49:44","modified_gmt":"2025-10-30T12:49:44","slug":"gendarmeria-fortalece-la-capacidad-de-reaccion","status":"publish","type":"post","link":"https:\/\/www.radiopresidenteibanez.cl\/web\/gendarmeria-fortalece-la-capacidad-de-reaccion\/","title":{"rendered":"GENDARMERIA FORTALECE LA CAPACIDAD DE REACCI\u00d3N"},"content":{"rendered":"\n<p>Como parte del compromiso permanente de Gendarmer\u00eda de Chile con la seguridad, la profesionalizaci\u00f3n y la preparaci\u00f3n continua de su personal, los participantes de este programa anual desarrollaron ejercicios te\u00f3ricos y pr\u00e1cticos enfocados en t\u00e9cnicas de tiro, manipulaci\u00f3n segura y toma de decisiones bajo presi\u00f3n.<\/p>\n\n\n\n<p>La instrucci\u00f3n fue desarrollada por personal especialista de la Unidad Operativa Regional de Gendarmer\u00eda en Magallanes, conformado por instructores de tiro y armeros artificieros de la instituci\u00f3n.<\/p>\n\n\n\n<p>El director regional de Gendarmer\u00eda, coronel Rodrigo Campusano Y\u00e1\u00f1ez destac\u00f3 el buen nivel demostrados por las y los funcionarios, as\u00ed como por el profesionalismo de los instructores en esta acci\u00f3n clave para mantener a tope las capacidades de reacci\u00f3n institucionales frente a eventos complejos y cr\u00edticos.<\/p>\n\n\n\n<p>\u00abEl trabajo con poblaci\u00f3n penal requiere de capacidades especiales que se est\u00e1n poniendo a prueba todos los d\u00edas. El control del orden interno y los riesgos que conlleva la custodia de privados de libertad hacen prioritaria la preparaci\u00f3n constante para responder en cualquier instante de manera coordinada y ajustada a protocolos. En ese sentido, nuestra comunidad puede estar segura que estamos preparados para los desaf\u00edos de resguardar &nbsp;una seguridad que va m\u00e1s all\u00e1 de los muros de la c\u00e1rcel\u00bb, manifest\u00f3 el coronel Campusano.<\/p>\n","protected":false},"excerpt":{"rendered":"<p>Como parte del compromiso permanente de Gendarmer\u00eda de Chile con la seguridad, la profesionalizaci\u00f3n y la preparaci\u00f3n continua de su personal, los participantes de este programa anual desarrollaron ejercicios te\u00f3ricos&#8230; <a class=\"read-more\" href=\"https:\/\/www.radiopresidenteibanez.cl\/web\/gendarmeria-fortalece-la-capacidad-de-reaccion\/\">Leer m\u00e1s<\/a><\/p>\n","protected":false},"author":2,"featured_media":59765,"comment_status":"closed","ping_status":"closed","sticky":false,"template":"","format":"standard","meta":{"footnotes":""},"categories":[1],"tags":[],"class_list":["post-59764","post","type-post","status-publish","format-standard","has-post-thumbnail","hentry","category-cronica"],"_links":{"self":[{"href":"https:\/\/www.radiopresidenteibanez.cl\/web\/wp-json\/wp\/v2\/posts\/59764","targetHints":{"allow":["GET"]}}],"collection":[{"href":"https:\/\/www.radiopresidenteibanez.cl\/web\/wp-json\/wp\/v2\/posts"}],"about":[{"href":"https:\/\/www.radiopresidenteibanez.cl\/web\/wp-json\/wp\/v2\/types\/post"}],"author":[{"embeddable":true,"href":"https:\/\/www.radiopresidenteibanez.cl\/web\/wp-json\/wp\/v2\/users\/2"}],"replies":[{"embeddable":true,"href":"https:\/\/www.radiopresidenteibanez.cl\/web\/wp-json\/wp\/v2\/comments?post=59764"}],"version-history":[{"count":0,"href":"https:\/\/www.radiopresidenteibanez.cl\/web\/wp-json\/wp\/v2\/posts\/59764\/revisions"}],"wp:featuredmedia":[{"embeddable":true,"href":"https:\/\/www.radiopresidenteibanez.cl\/web\/wp-json\/wp\/v2\/media\/59765"}],"wp:attachment":[{"href":"https:\/\/www.radiopresidenteibanez.cl\/web\/wp-json\/wp\/v2\/media?parent=59764"}],"wp:term":[{"taxonomy":"category","embeddable":true,"href":"https:\/\/www.radiopresidenteibanez.cl\/web\/wp-json\/wp\/v2\/categories?post=59764"},{"taxonomy":"post_tag","embeddable":true,"href":"https:\/\/www.radiopresidenteibanez.cl\/web\/wp-json\/wp\/v2\/tags?post=59764"}],"curies":[{"name":"wp","href":"https:\/\/api.w.org\/{rel}","templated":true}]}}