{"id":59760,"date":"2025-10-30T10:23:00","date_gmt":"2025-10-30T13:23:00","guid":{"rendered":"https:\/\/www.radiopresidenteibanez.cl\/web\/?p=59760"},"modified":"2025-10-30T08:47:23","modified_gmt":"2025-10-30T11:47:23","slug":"biministro-garcia-valoro-aprobacion-ambiental-de-planta-de-combustibles-carbono-neutral-en-magallanes","status":"publish","type":"post","link":"https:\/\/www.radiopresidenteibanez.cl\/web\/biministro-garcia-valoro-aprobacion-ambiental-de-planta-de-combustibles-carbono-neutral-en-magallanes\/","title":{"rendered":"Biministro Garc\u00eda valor\u00f3 aprobaci\u00f3n ambiental de planta de combustibles carbono neutral en Magallanes"},"content":{"rendered":"\n<p><strong>En el marco de su visita a la regi\u00f3n de Magallanes, el biministro de Energ\u00eda y Econom\u00eda, Fomento y Turismo, \u00c1lvaro Garc\u00eda, valor\u00f3 la aprobaci\u00f3n por parte de la Comisi\u00f3n de Evaluaci\u00f3n Ambiental de Magallanes (Coeva) de la planta de combustibles carbono neutral Cabo Negro, propiedad de la empresa HIF Global.<\/strong><strong><\/strong><\/p>\n\n\n\n<p><strong>La autoridad destac\u00f3 que \u00abesta es una grand\u00edsima noticia econ\u00f3mica para Chile y Magallanes, que permite la expansi\u00f3n muy significativa de una empresa que ya est\u00e1 produciendo combustibles limpios, y que ya est\u00e1 exportando al resto del mundo desde Magallanes, con trabajadores magall\u00e1nicos, que dan cuenta de la capacidad que tiene esta regi\u00f3n\u00bb.<\/strong><strong><\/strong><\/p>\n\n\n\n<p><strong>El biministro agreg\u00f3 que \u00ablo que hoy se est\u00e1 produciendo se va a multiplicar muchas veces, convirtiendo a Chile en un centro crucial para la producci\u00f3n de energ\u00edas limpias para el mundo, y as\u00ed contribuir a frenar el cambio clim\u00e1tico y crear una nueva industria de gran magnitud para el pa\u00eds\u00bb.<\/strong><strong><\/strong><\/p>\n\n\n\n<p><strong>En esta l\u00ednea, Garc\u00eda subray\u00f3 la importancia que tiene este proyecto para el desarrollo de la industria del hidr\u00f3geno verde en nuestro pa\u00eds. \u00abHoy d\u00eda nosotros importamos casi todos nuestros recursos energ\u00e9ticos, esta industria no solo nos va a permitir contar con productos nacionales, sino que con una nueva riqueza para exportar. Hoy, de alguna manera, nace la posibilidad real de crear una industria de tama\u00f1o mundial en Magallanes para todo Chile\u00bb.<\/strong><\/p>\n\n\n\n<p><strong>La planta, ubicada en el sector de Cabo Negro, en la comuna de Punta Arenas, y considerado el primer gran proyecto vinculado al desarrollo del hidr\u00f3geno verde en la zona, implica la construcci\u00f3n y operaci\u00f3n de una planta qu\u00edmica de e-Combustibles para la producci\u00f3n de e-Metanol, e-Gasolina y e-GL, utilizando energ\u00eda del parque e\u00f3lico Faro del Sur.<\/strong><strong><\/strong><\/p>\n\n\n\n<p><strong>El proyecto estima producir 173.600 toneladas anuales de e-Metanol y 70.000 toneladas de e-Gasolina, con una inversi\u00f3n en fase de construcci\u00f3n de US$ 830 millones, y un impacto de alrededor de 600 empleos en su etapa de construcci\u00f3n y 500 empleos en la etapa de operaci\u00f3n.<\/strong><strong><\/strong><\/p>\n\n\n\n<p><strong>Cabe mencionar que la aprobaci\u00f3n por parte de Coeva llega luego de que el Servicio de Evaluaci\u00f3n Ambiental (SEA) de Magallanes publicara el Informe Consolidado de Evaluaci\u00f3n (ICE) con recomendaci\u00f3n de aprobaci\u00f3n para la iniciativa, dado que el proyecto subsan\u00f3 los errores, omisiones e inexactitudes planteados en las etapas previas, y cumple con la normativa de car\u00e1cter ambiental aplicable.<\/strong><\/p>\n","protected":false},"excerpt":{"rendered":"<p>En el marco de su visita a la regi\u00f3n de Magallanes, el biministro de Energ\u00eda y Econom\u00eda, Fomento y Turismo, \u00c1lvaro Garc\u00eda, valor\u00f3 la aprobaci\u00f3n por parte de la Comisi\u00f3n&#8230; <a class=\"read-more\" href=\"https:\/\/www.radiopresidenteibanez.cl\/web\/biministro-garcia-valoro-aprobacion-ambiental-de-planta-de-combustibles-carbono-neutral-en-magallanes\/\">Leer m\u00e1s<\/a><\/p>\n","protected":false},"author":2,"featured_media":59761,"comment_status":"closed","ping_status":"closed","sticky":false,"template":"","format":"standard","meta":{"footnotes":""},"categories":[1],"tags":[],"class_list":["post-59760","post","type-post","status-publish","format-standard","has-post-thumbnail","hentry","category-cronica"],"_links":{"self":[{"href":"https:\/\/www.radiopresidenteibanez.cl\/web\/wp-json\/wp\/v2\/posts\/59760","targetHints":{"allow":["GET"]}}],"collection":[{"href":"https:\/\/www.radiopresidenteibanez.cl\/web\/wp-json\/wp\/v2\/posts"}],"about":[{"href":"https:\/\/www.radiopresidenteibanez.cl\/web\/wp-json\/wp\/v2\/types\/post"}],"author":[{"embeddable":true,"href":"https:\/\/www.radiopresidenteibanez.cl\/web\/wp-json\/wp\/v2\/users\/2"}],"replies":[{"embeddable":true,"href":"https:\/\/www.radiopresidenteibanez.cl\/web\/wp-json\/wp\/v2\/comments?post=59760"}],"version-history":[{"count":0,"href":"https:\/\/www.radiopresidenteibanez.cl\/web\/wp-json\/wp\/v2\/posts\/59760\/revisions"}],"wp:featuredmedia":[{"embeddable":true,"href":"https:\/\/www.radiopresidenteibanez.cl\/web\/wp-json\/wp\/v2\/media\/59761"}],"wp:attachment":[{"href":"https:\/\/www.radiopresidenteibanez.cl\/web\/wp-json\/wp\/v2\/media?parent=59760"}],"wp:term":[{"taxonomy":"category","embeddable":true,"href":"https:\/\/www.radiopresidenteibanez.cl\/web\/wp-json\/wp\/v2\/categories?post=59760"},{"taxonomy":"post_tag","embeddable":true,"href":"https:\/\/www.radiopresidenteibanez.cl\/web\/wp-json\/wp\/v2\/tags?post=59760"}],"curies":[{"name":"wp","href":"https:\/\/api.w.org\/{rel}","templated":true}]}}