{"id":59757,"date":"2025-10-30T09:39:00","date_gmt":"2025-10-30T12:39:00","guid":{"rendered":"https:\/\/www.radiopresidenteibanez.cl\/web\/?p=59757"},"modified":"2025-10-30T08:44:20","modified_gmt":"2025-10-30T11:44:20","slug":"primer-encuentro-regional-de-liderazgo-estudiantil-un-camino-hacia-nuevas-formas-de-participacion-territorial","status":"publish","type":"post","link":"https:\/\/www.radiopresidenteibanez.cl\/web\/primer-encuentro-regional-de-liderazgo-estudiantil-un-camino-hacia-nuevas-formas-de-participacion-territorial\/","title":{"rendered":"Primer Encuentro Regional de Liderazgo Estudiantil: un camino hacia nuevas formas de participaci\u00f3n territorial"},"content":{"rendered":"\n<p>Participaci\u00f3n, manejo de las emociones, comunicaci\u00f3n y liderazgo son algunos de los temas abordados en el Primer Encuentro Regional de Liderazgo Estudiantil que se realiz\u00f3 este mi\u00e9rcoles, 29 de octubre, en el gimnasio del Liceo Polivalente Sara Braun del Servicio Local de Educaci\u00f3n P\u00fablica Magallanes, durante las jornadas de la ma\u00f1ana y la tarde.<\/p>\n\n\n\n<p>La iniciativa surgi\u00f3 de la mesa intersectorial estudiantil, en la que participan el Instituto Nacional de la Juventud, el Servicio Local de Educaci\u00f3n P\u00fablica Magallanes, el Departamento Provincial de Educaci\u00f3n y la Secretar\u00eda Ministerial de Educaci\u00f3n.<\/p>\n\n\n\n<p>Valent\u00edn Aguilera G\u00f3mez, seremi de Educaci\u00f3n expres\u00f3 su satisfacci\u00f3n en el marco de la actividad: \u201cEstamos muy contentos de participar en esta jornada. Es muy interesante el di\u00e1logo que se ha desarrollado entre dirigentes de las distintas comunidades educativas, lo que nutre el trabajo y el programa de acciones que tiene cada centro de estudiantes. Creo que cada comunidad educativa tiene sus propios desaf\u00edos y los veo muy empapados en ver c\u00f3mo activar la mayor participaci\u00f3n posible de sus compa\u00f1eros y compa\u00f1eras\u201d, destac\u00f3 la autoridad.<\/p>\n\n\n\n<p>Carolina Andrade Rojo, Coordinadora de Convivencia Educativa del Departamento de Educaci\u00f3n de la Secreduc, explic\u00f3 que la idea principal de esta reuni\u00f3n de trabajo ha sido, en primer lugar, que las y los estudiantes puedan conocerse e interactuar con dirigentes de otros establecimientos, junto con fortalecer sus capacidades de gesti\u00f3n y organizaci\u00f3n mediante la participaci\u00f3n activa en procesos democr\u00e1ticos y sociales, tanto dentro y fuera de las instituciones educativas. En tanto coment\u00f3 que \u201cson j\u00f3venes muy participativos, tienen mucha empat\u00eda porque tratan de incluir al resto de su comunidad educativa en todas sus actividades. Tienen objetivos comunes; quieren compartir y aprender\u201d.<\/p>\n\n\n\n<p>Celeste Legue Asencio es presidenta del Centro de Estudiantes del Liceo Gabriela Mistral de la comuna de Natales, quien valor\u00f3 la metodolog\u00eda del encuentro: \u201cme gusta porque siento que nosotros podemos aprender m\u00e1s de c\u00f3mo es el liderazgo y de comunicarnos con las otras personas. Yo he estado tres a\u00f1os en el Centro de alumnos y nunca lo hab\u00eda visto\u201d, indic\u00f3.<\/p>\n\n\n\n<p>Por su parte, Lucas Paredes Vargas, presidente del Liceo Luis Alberto Barrera calific\u00f3 positivamente esta instancia: \u201cAprendimos mucho, una ense\u00f1anza muy bonita de interactuar con muchos l\u00edderes, porque ac\u00e1 todos somos l\u00edderes, independientemente de nuestro cargo\u201d, en tanto subray\u00f3 la importancia de conocer las realidades de otros liceos. \u201cMe llevo un sentimiento de gratitud de satisfacci\u00f3n por aprender, no hab\u00eda aprendido tanto, m\u00e1s con experiencias de otras personas\u201d, se\u00f1al\u00f3 el dirigente.<\/p>\n\n\n\n<p>Rodrigo Sir G\u00e1lvez, delegado de Estudios del Centro de Alumnos del Liceo San Jos\u00e9, reconoci\u00f3: \u201cSe valora que exista esta instancia donde uno puede compartir con gente de otros colegios, que est\u00e1n participando dentro de los centros de estudiantes y ver c\u00f3mo lo sobrellevan, qu\u00e9 hacen y tambi\u00e9n poder otorgarnos ayuda\u201d, explic\u00f3, agregando que fue una oportunidad para constatar que en general comparten problem\u00e1ticas similares.<\/p>\n\n\n\n<p>Las voces de estas dirigencias estudiantiles emergen como una nueva generaci\u00f3n que ha desarrollado sentido social y empat\u00eda, en un tiempo donde estas condiciones son fundamentales para vivir con mayor sentido democr\u00e1tico y armon\u00eda.<\/p>\n","protected":false},"excerpt":{"rendered":"<p>Participaci\u00f3n, manejo de las emociones, comunicaci\u00f3n y liderazgo son algunos de los temas abordados en el Primer Encuentro Regional de Liderazgo Estudiantil que se realiz\u00f3 este mi\u00e9rcoles, 29 de octubre,&#8230; <a class=\"read-more\" href=\"https:\/\/www.radiopresidenteibanez.cl\/web\/primer-encuentro-regional-de-liderazgo-estudiantil-un-camino-hacia-nuevas-formas-de-participacion-territorial\/\">Leer m\u00e1s<\/a><\/p>\n","protected":false},"author":2,"featured_media":59758,"comment_status":"closed","ping_status":"closed","sticky":false,"template":"","format":"standard","meta":{"footnotes":""},"categories":[1],"tags":[],"class_list":["post-59757","post","type-post","status-publish","format-standard","has-post-thumbnail","hentry","category-cronica"],"_links":{"self":[{"href":"https:\/\/www.radiopresidenteibanez.cl\/web\/wp-json\/wp\/v2\/posts\/59757","targetHints":{"allow":["GET"]}}],"collection":[{"href":"https:\/\/www.radiopresidenteibanez.cl\/web\/wp-json\/wp\/v2\/posts"}],"about":[{"href":"https:\/\/www.radiopresidenteibanez.cl\/web\/wp-json\/wp\/v2\/types\/post"}],"author":[{"embeddable":true,"href":"https:\/\/www.radiopresidenteibanez.cl\/web\/wp-json\/wp\/v2\/users\/2"}],"replies":[{"embeddable":true,"href":"https:\/\/www.radiopresidenteibanez.cl\/web\/wp-json\/wp\/v2\/comments?post=59757"}],"version-history":[{"count":0,"href":"https:\/\/www.radiopresidenteibanez.cl\/web\/wp-json\/wp\/v2\/posts\/59757\/revisions"}],"wp:featuredmedia":[{"embeddable":true,"href":"https:\/\/www.radiopresidenteibanez.cl\/web\/wp-json\/wp\/v2\/media\/59758"}],"wp:attachment":[{"href":"https:\/\/www.radiopresidenteibanez.cl\/web\/wp-json\/wp\/v2\/media?parent=59757"}],"wp:term":[{"taxonomy":"category","embeddable":true,"href":"https:\/\/www.radiopresidenteibanez.cl\/web\/wp-json\/wp\/v2\/categories?post=59757"},{"taxonomy":"post_tag","embeddable":true,"href":"https:\/\/www.radiopresidenteibanez.cl\/web\/wp-json\/wp\/v2\/tags?post=59757"}],"curies":[{"name":"wp","href":"https:\/\/api.w.org\/{rel}","templated":true}]}}