{"id":59754,"date":"2025-10-30T09:03:00","date_gmt":"2025-10-30T12:03:00","guid":{"rendered":"https:\/\/www.radiopresidenteibanez.cl\/web\/?p=59754"},"modified":"2025-10-30T08:29:42","modified_gmt":"2025-10-30T11:29:42","slug":"boletin-informativo-orbe-101","status":"publish","type":"post","link":"https:\/\/www.radiopresidenteibanez.cl\/web\/boletin-informativo-orbe-101\/","title":{"rendered":"Boletin Informativo ORBE"},"content":{"rendered":"\n<p>SEUL ( COREA DEL SUR).- En medio de la expectaci\u00f3n por la<br>reuni\u00f3n clave entre el Presidente de Estados Unidos, Donald<br>Trump y el l\u00edder chino, Xi Jinping, el Presidente Gabriel<br>Boric llev\u00f3 a cabo las actividades del primer d\u00eda de su<br>visita de trabajo en Corea del Sur. El Seminario Empresarial<br>Chile-Corea; la visita al Instituto de Ciencia y Tecnolog\u00eda<br>KIST, y la reuni\u00f3n con el ex Secretario General de Naciones<br>Unidas, Ban Ki Moon, fueron parte del paso del Mandatario en<br>Se\u00fal.<\/p>\n\n\n\n<p>SEUL ( COREA DEL SUR).-La tarde de este jueves, el Presidente<br>se traslad\u00f3 en tren r\u00e1pido a Ante empresarios coreanos, Boric<br>aludi\u00f3 a la guerra comercial, al reivindicar a Chile como un<br>destino \u00f3ptimo para la inversi\u00f3n extranjera.<\/p>\n\n\n\n<p>SEUL ( COREA DEL SUR).- Boric explic\u00f3 que, \u00aben este mundo<br>turbulento, en donde el mismo comercio y sus reglas est\u00e1n<br>siendo puestas en cuesti\u00f3n por parte de los pa\u00edses m\u00e1s<br>poderosos, nosotros decimos que creemos en el Estado de<br>Derecho, creemos en el Derecho Internacional, creemos en el<br>respeto de los contratos, creemos en el respeto entre pa\u00edses,<br>en que es mucho mejor colaborar que humillar, en que es mucho<br>mejor aprender del otro que aplastar al otro\u00bb, sostuvo.<\/p>\n\n\n\n<p>SEUL ( COREA DEL SUR).- Su menci\u00f3n no pas\u00f3 desapercibida. El<br>Presidente suele deslizar cr\u00edticas contra el Mandatario<br>estadounidense en las intervenciones de sus gira<br>internacionales. \u00abYo soy de quienes creen que los liderazgos<br>siempre tienen que ser humildes, tienen que respetar a sus<br>adversarios. Creo que el Presidente Trump no representa eso,<br>pero si tuvo alguna colaboraci\u00f3n para cesar la masacre en<br>Gaza, bienvenido sea\u00bb, se\u00f1al\u00f3.<\/p>\n\n\n\n<p>SANTIAGO.- Una violenta ri\u00f1a entre comerciantes ambulantes<br>dej\u00f3 un fallecido la \u00faltima jornada en pleno centro de<br>Santiago. Los hechos ocurrieron en la intersecci\u00f3n de San<br>Diego con La Alameda, a pocos metros del Palacio de La<br>Moneda. Seg\u00fan la informaci\u00f3n, la pelea se origin\u00f3 a ra\u00edz de<br>la instalaci\u00f3n de comercio ambulante en las inmediaciones. El<br>conflicto escal\u00f3 r\u00e1pidamente, involucrando el uso de armas<br>cortopunzantes.<\/p>\n\n\n\n<p>SANTIAGO.-Tras el violento altercado, ambos involucrados<br>fueron trasladados a la exPosta Central, donde se confirm\u00f3 la<br>muerte de uno y la detenci\u00f3n del otro involucrado.<br>Carabineros inici\u00f3 las diligencias correspondientes en el<br>sitio del suceso para esclarecer la din\u00e1mica exacta de este<br>homicidio.<\/p>\n\n\n\n<p>SANTIAGO.- Harold Mayne-Nicholls, candidato presidencial<br>independiente, fue denunciado ante Carabineros por Antonio<br>Neme, periodista y exconcejal de Maip\u00fa, de una agresi\u00f3n<br>ocurrida el martes en las dependencias del Country Club de La<br>Reina. Mayne-Nicholls, quien se encuentra en la Regi\u00f3n del<br>Biob\u00edo por su campa\u00f1a, reconoci\u00f3 la discusi\u00f3n.<\/p>\n\n\n\n<p>SANTIAGO.-El expresidente de lNFP, se\u00f1al\u00f3 que el conflicto<br>entre ambos data de 1998. Eso, porque ya que denunci\u00f3 al<br>periodista por reventa ilegal de entradas en los estadios<br>durante el Mundial de Francia, y acusa que existe desde esa<br>fecha una persecuci\u00f3n en su contra.<\/p>\n\n\n\n<p>SANTIAGO.- Seg\u00fan relat\u00f3, \u00abescuch\u00e9 insultos. No me di cuenta<br>de qui\u00e9n era. Al acercarme supe que era esta misma persona,<br>quien me golpe\u00f3 de pu\u00f1o en el rostro y tambi\u00e9n con la puerta<br>del autom\u00f3vil que conduc\u00eda. Yo me defend\u00ed, y es en ese<br>instante se produjo un forcejeo\u00bb, coment\u00f3. Y<br>agreg\u00f3 que, \u00abdesde 1998 esta persona me persigue y provoca<br>porque lo denunci\u00e9 por estar cometiendo un delito. Yo<br>solamente me defend\u00ed de su intento de golpearme\u00bb, a\u00f1adi\u00f3.<\/p>\n\n\n\n<p>SANTIAGO.-Mayne-Nicholls record\u00f3 que \u00aben esa \u00e9poca \u00e9l<br>trabajaba en Canal 13 y yo era el jefe de prensa FIFA de la<br>sede Burdeos. Mi obligaci\u00f3n \u00e9tica y profesional era denunciar<br>este il\u00edcito, del que existen grabaciones\u00bb. \u00abDesde entonces<br>me persigue y acosa realizando publicaciones en mi contra. En<br>este per\u00edodo de campa\u00f1a ha hecho lo mismo en redes sociales\u00bb,<br>asever\u00f3 Mayne-Nicholls.<\/p>\n\n\n\n<p>SANTIAGO.-Por \u00faltimo, Mayne-Nicholls recalc\u00f3 que \u00abde todas<br>formas, entiendo que no es la forma adecuada de reaccionar de<br>un candidato presidencial y por esta raz\u00f3n extiendo mis<br>disculpas a la ciudadan\u00eda\u00bb.<br>Respecto a la versi\u00f3n de Neme, el experiodista de Canal 13<br>insult\u00f3 al candidato a La Moneda por desencuentros anteriores<br>que comenzaron en 1998, lo que provoc\u00f3 la pelea en donde<br>termin\u00f3 agredido.<\/p>\n","protected":false},"excerpt":{"rendered":"<p>SEUL ( COREA DEL SUR).- En medio de la expectaci\u00f3n por lareuni\u00f3n clave entre el Presidente de Estados Unidos, DonaldTrump y el l\u00edder chino, Xi Jinping, el Presidente GabrielBoric llev\u00f3&#8230; <a class=\"read-more\" href=\"https:\/\/www.radiopresidenteibanez.cl\/web\/boletin-informativo-orbe-101\/\">Leer m\u00e1s<\/a><\/p>\n","protected":false},"author":2,"featured_media":59755,"comment_status":"closed","ping_status":"closed","sticky":false,"template":"","format":"standard","meta":{"footnotes":""},"categories":[1],"tags":[],"class_list":["post-59754","post","type-post","status-publish","format-standard","has-post-thumbnail","hentry","category-cronica"],"_links":{"self":[{"href":"https:\/\/www.radiopresidenteibanez.cl\/web\/wp-json\/wp\/v2\/posts\/59754","targetHints":{"allow":["GET"]}}],"collection":[{"href":"https:\/\/www.radiopresidenteibanez.cl\/web\/wp-json\/wp\/v2\/posts"}],"about":[{"href":"https:\/\/www.radiopresidenteibanez.cl\/web\/wp-json\/wp\/v2\/types\/post"}],"author":[{"embeddable":true,"href":"https:\/\/www.radiopresidenteibanez.cl\/web\/wp-json\/wp\/v2\/users\/2"}],"replies":[{"embeddable":true,"href":"https:\/\/www.radiopresidenteibanez.cl\/web\/wp-json\/wp\/v2\/comments?post=59754"}],"version-history":[{"count":0,"href":"https:\/\/www.radiopresidenteibanez.cl\/web\/wp-json\/wp\/v2\/posts\/59754\/revisions"}],"wp:featuredmedia":[{"embeddable":true,"href":"https:\/\/www.radiopresidenteibanez.cl\/web\/wp-json\/wp\/v2\/media\/59755"}],"wp:attachment":[{"href":"https:\/\/www.radiopresidenteibanez.cl\/web\/wp-json\/wp\/v2\/media?parent=59754"}],"wp:term":[{"taxonomy":"category","embeddable":true,"href":"https:\/\/www.radiopresidenteibanez.cl\/web\/wp-json\/wp\/v2\/categories?post=59754"},{"taxonomy":"post_tag","embeddable":true,"href":"https:\/\/www.radiopresidenteibanez.cl\/web\/wp-json\/wp\/v2\/tags?post=59754"}],"curies":[{"name":"wp","href":"https:\/\/api.w.org\/{rel}","templated":true}]}}