{"id":59748,"date":"2025-10-30T08:18:11","date_gmt":"2025-10-30T11:18:11","guid":{"rendered":"https:\/\/www.radiopresidenteibanez.cl\/web\/?p=59748"},"modified":"2025-10-30T08:18:32","modified_gmt":"2025-10-30T11:18:32","slug":"seremi-de-ciencia-invita-a-participar-en-dialogo-sobre-el-futuro-de-fondecyt","status":"publish","type":"post","link":"https:\/\/www.radiopresidenteibanez.cl\/web\/seremi-de-ciencia-invita-a-participar-en-dialogo-sobre-el-futuro-de-fondecyt\/","title":{"rendered":"Seremi de Ciencia invita a participar en di\u00e1logo sobre el futuro de Fondecyt"},"content":{"rendered":"\n<p>Con m\u00e1s de cuarenta a\u00f1os de trayectoria impulsando la investigaci\u00f3n en Chile, el Fondo Nacional de Desarrollo Cient\u00edfico y Tecnol\u00f3gico (Fondecyt) inici\u00f3 un in\u00e9dito proceso de di\u00e1logo a nivel nacional.<\/p>\n\n\n\n<p>El puntapi\u00e9 inicial se dio el 23 de septiembre con el seminario internacional \u201cHorizontes y Perspectivas del programa Fondecyt\u201d, donde integrantes del Consejo Asesor Ministerial, junto a expertas y expertos, discutieron sobre c\u00f3mo los pa\u00edses est\u00e1n abordando las oportunidades para fomentar la investigaci\u00f3n cient\u00edfica.<\/p>\n\n\n\n<p>\u201cEste proceso no busca reinventar ni sustituir al Fondecyt. Por el contrario, lo que queremos es honrar su esencia, cuidando sus fortalezas, recogiendo aprendizajes, y adapt\u00e1ndolo a las nuevas exigencias del conocimiento y del pa\u00eds\u201d, afirm\u00f3 el ministro de Ciencia, Aldo Valle.<\/p>\n\n\n\n<p>En la regi\u00f3n este di\u00e1logo se realizar\u00e1 el 4 de noviembre a partir de las 14 horas, en el CADI-UMAG (Av. Los Flamencos 01364), donde acad\u00e9micos e investigadores abordar\u00e1n c\u00f3mo este instrumento debe responder a los cambios y desaf\u00edos que enfrenta la regi\u00f3n y el pa\u00eds.<\/p>\n\n\n\n<p>\u201cEste programa pertenece a la comunidad cient\u00edfica chilena, y su evoluci\u00f3n debe reflejar los aprendizajes de quienes lo han hecho crecer. En nuestra regi\u00f3n, adem\u00e1s, es el principal instrumento que ha permitido avanzar en conocimientos territoriales desde 1982. Invitamos a todos y todas quienes realizan, o han realizado ciencia con Fondecyt, a sumarse a este ejercicio colectivo y as\u00ed aportar a construir un instrumento m\u00e1s robusto, justo y pertinente para cada uno de los territorios\u201d, indic\u00f3 la seremi de Ciencia, Ver\u00f3nica Vallejos.<\/p>\n\n\n\n<p>La idea de realizar estos encuentros surgi\u00f3 del Consejo Asesor Ministerial, el cual est\u00e1 integrado por destacados investigadores e investigadoras de todo el pa\u00eds y m\u00faltiples \u00e1reas del saber, quienes recomendaron al Ministerio de Ciencia y a la Agencia Nacional de Investigaci\u00f3n y Desarrollo (ANID), revisar los instrumentos que apoyan el desarrollo cient\u00edfico, partiendo por Fondecyt, la herramienta m\u00e1s representativa y transversal del sistema.<\/p>\n\n\n\n<p><strong>Conversaciones en todo Chile<\/strong><\/p>\n\n\n\n<p>Los di\u00e1logos sobre el futuro del programa est\u00e1n organizados en seis etapas, con instancias presenciales y virtuales que buscan maximizar la participaci\u00f3n en ellos. Investigadores e investigadoras consolidadas y emergentes, quienes administran el programa y otros actores relevantes del ecosistema ser\u00e1n convocados para aportar con sus visiones y experiencias.<\/p>\n\n\n\n<p>Los consensos alcanzados -que se est\u00e1n realizando con el respaldo del MinCiencia y la ANID, garantizando la implementaci\u00f3n de las propuestas que surjan- no s\u00f3lo orientar\u00e1n el futuro de Fondecyt, sino que tambi\u00e9n nutrir\u00e1n la Estrategia Nacional de CTCI 2026, buscando trascender gestiones de administraciones espec\u00edficas.<\/p>\n\n\n\n<p>A lo largo de su historia, Fondecyt ha financiado m\u00e1s de 20 mil proyectos y fortalecido a la comunidad cient\u00edfica chilena, la misma que hoy participa en este proceso de reflexi\u00f3n para potenciar sus virtudes y ajustar sus mecanismos.<\/p>\n\n\n\n<p>\u201cEl Fondecyt se ha constituido en la piedra angular de la ciencia en Chile. Es el primer instrumento creado desde el Estado para el desarrollo de la investigaci\u00f3n y que ha nutrido de manera indiscutible, el conocimiento generado en nuestro pa\u00eds. Abrir el di\u00e1logo y revisarlo desde y para la comunidad cient\u00edfica, busca hacerlo conversar con los tiempos y fortalecerlo\u201d, enfatiz\u00f3 la directora nacional de ANID, Alejandra Pizarro.<\/p>\n\n\n\n<p>Se espera que las conclusiones recogidas en los di\u00e1logos permitan actualizar y perfeccionar los mecanismos del Fondo, manteniendo intacta su esencia, que es y ha sido siempre impulsar la investigaci\u00f3n de excelencia en beneficio del pa\u00eds.<\/p>\n\n\n\n<p>Quienes quieran ser parte de estas actividades pueden inscribirse en el sitio web del ministerio de Ciencia, en&nbsp;<a href=\"http:\/\/minciencia.gob.cl\/\" target=\"_blank\" rel=\"noreferrer noopener\">minciencia.gob.cl<\/a>, en el banner de Di\u00e1logos Participativos.<\/p>\n","protected":false},"excerpt":{"rendered":"<p>Con m\u00e1s de cuarenta a\u00f1os de trayectoria impulsando la investigaci\u00f3n en Chile, el Fondo Nacional de Desarrollo Cient\u00edfico y Tecnol\u00f3gico (Fondecyt) inici\u00f3 un in\u00e9dito proceso de di\u00e1logo a nivel nacional&#8230;. <a class=\"read-more\" href=\"https:\/\/www.radiopresidenteibanez.cl\/web\/seremi-de-ciencia-invita-a-participar-en-dialogo-sobre-el-futuro-de-fondecyt\/\">Leer m\u00e1s<\/a><\/p>\n","protected":false},"author":2,"featured_media":59749,"comment_status":"closed","ping_status":"closed","sticky":false,"template":"","format":"standard","meta":{"footnotes":""},"categories":[1],"tags":[],"class_list":["post-59748","post","type-post","status-publish","format-standard","has-post-thumbnail","hentry","category-cronica"],"_links":{"self":[{"href":"https:\/\/www.radiopresidenteibanez.cl\/web\/wp-json\/wp\/v2\/posts\/59748","targetHints":{"allow":["GET"]}}],"collection":[{"href":"https:\/\/www.radiopresidenteibanez.cl\/web\/wp-json\/wp\/v2\/posts"}],"about":[{"href":"https:\/\/www.radiopresidenteibanez.cl\/web\/wp-json\/wp\/v2\/types\/post"}],"author":[{"embeddable":true,"href":"https:\/\/www.radiopresidenteibanez.cl\/web\/wp-json\/wp\/v2\/users\/2"}],"replies":[{"embeddable":true,"href":"https:\/\/www.radiopresidenteibanez.cl\/web\/wp-json\/wp\/v2\/comments?post=59748"}],"version-history":[{"count":0,"href":"https:\/\/www.radiopresidenteibanez.cl\/web\/wp-json\/wp\/v2\/posts\/59748\/revisions"}],"wp:featuredmedia":[{"embeddable":true,"href":"https:\/\/www.radiopresidenteibanez.cl\/web\/wp-json\/wp\/v2\/media\/59749"}],"wp:attachment":[{"href":"https:\/\/www.radiopresidenteibanez.cl\/web\/wp-json\/wp\/v2\/media?parent=59748"}],"wp:term":[{"taxonomy":"category","embeddable":true,"href":"https:\/\/www.radiopresidenteibanez.cl\/web\/wp-json\/wp\/v2\/categories?post=59748"},{"taxonomy":"post_tag","embeddable":true,"href":"https:\/\/www.radiopresidenteibanez.cl\/web\/wp-json\/wp\/v2\/tags?post=59748"}],"curies":[{"name":"wp","href":"https:\/\/api.w.org\/{rel}","templated":true}]}}