{"id":59740,"date":"2025-10-27T17:06:00","date_gmt":"2025-10-27T20:06:00","guid":{"rendered":"https:\/\/www.radiopresidenteibanez.cl\/web\/?p=59740"},"modified":"2025-10-27T11:01:03","modified_gmt":"2025-10-27T14:01:03","slug":"estudiantes-secundarios-de-puerto-williams-reciben-informacion-sobre-becas-y-oportunidades-de-educacion-superior-en-el-territorio","status":"publish","type":"post","link":"https:\/\/www.radiopresidenteibanez.cl\/web\/estudiantes-secundarios-de-puerto-williams-reciben-informacion-sobre-becas-y-oportunidades-de-educacion-superior-en-el-territorio\/","title":{"rendered":"Estudiantes secundarios de Puerto Williams reciben informaci\u00f3n sobre becas y oportunidades de educaci\u00f3n superior en el territorio"},"content":{"rendered":"\n<p>Mediante un innovador encuentro que incluy\u00f3 a instituciones p\u00fablicas vinculadas a la educaci\u00f3n, la Delegaci\u00f3n Presidencial Provincial de la Ant\u00e1rtica Chilena organiz\u00f3 una serie de charlas dirigidas a m\u00e1s de 50 estudiantes secundarios de Puerto Williams. &nbsp;<\/p>\n\n\n\n<p>Esta actividad, llevada a cabo en el Centro Subant\u00e1rtico Cabo de Hornos a trav\u00e9s del programa \u201cGobierno en Terreno\u201d de dicha Delegaci\u00f3n, surgi\u00f3 de parte del propio Centro de Alumnos del Liceo Donald Mc Intyre Griffiths, y cont\u00f3 con presentaciones sobre la oferta program\u00e1tica de la Junta Nacional de Auxilio Escolar y Becas (Junaeb) y la oferta estudiantil de la Universidad de Magallanes en el territorio austral, espec\u00edficamente en la carrera t\u00e9cnica de Turismo de Conservaci\u00f3n Biocultural.&nbsp;<\/p>\n\n\n\n<p>En la oportunidad, el seremi de Desarrollo Social y Familia de Magallanes y Ant\u00e1rtica Chilena, Danilo Mimica, y la delegada presidencial provincial de la Ant\u00e1rtica Chilena, Constanza Calisto Gallardo, valoraron la convocatoria de estudiantes de segundo, tercero y cuarto medio del mencionado establecimiento educacional, adem\u00e1s de alumnas provenientes de las alcald\u00edas de mar. &nbsp;<\/p>\n\n\n\n<p>Las autoridades aprovecharon de dar a conocer otros programas sociales del Gobierno enfocados en j\u00f3venes y adolescentes, como \u201cHablemos de todo\u201d, un espacio digital de Injuv para abordar temas relacionados a salud mental, sexualidad, violencias y autocuidado, y se hizo entrega de ejemplares impresos de una gu\u00eda creada por el Ministerio de Desarrollo Social y Familia para facilitar el acceso a beneficios, derechos y garant\u00edas sociales del Estado.&nbsp;<\/p>\n\n\n\n<p>\u201cAcercar los servicios p\u00fablicos a nuestra comunidad es parte de los objetivos fundamentales del programa de \u2018Gobierno en Terreno\u2019, y en ese contexto nosotros hemos realizado una fuerte alianza con nuestros adolescentes y juventudes de la Provincia Ant\u00e1rtica Chilena (\u2026). Estamos muy sorprendidos por la iniciativa, porque esto fue algo que naci\u00f3 propiamente de parte de ellos, y es finalmente lo que nosotros queremos impulsar e innovar: que ellos tambi\u00e9n se acerquen a nosotros como autoridades, solicitando y exigiendo ser parte de las decisiones que nosotros tomamos y de c\u00f3mo canalizamos estas acciones p\u00fablicas\u201d, sostuvo la delegada Calisto.&nbsp;<\/p>\n\n\n\n<p>Por su parte, el seremi Mimica manifest\u00f3 que \u201cmuchas veces, los alumnos y alumnas no saben qu\u00e9 quieren para su futuro y justamente estas instancias sirven para poder entregar informaci\u00f3n, sobre todo respecto al acceso a becas y los tipos de carreras que existen, justamente para ayudarlos a definir su futuro\u201d. &nbsp;<\/p>\n\n\n\n<p>Comunidad educativa opina sobre actividad&nbsp;<\/p>\n\n\n\n<p>La estudiante de segundo medio, Agustina Castro, quien reside en la Alcald\u00eda de Mar de Puerto Navarino, localidad ubicada a 54 kil\u00f3metros al oeste de Puerto Williams, asisti\u00f3 a esta actividad, coincidiendo con la rendici\u00f3n de sus ex\u00e1menes libres en el liceo. \u201cFue entretenido ver el tema de las becas y las oportunidades que uno puede llegar a tener sobre eso. No me surgi\u00f3 ninguna duda o pregunta, pero encontr\u00e9 interesante la opci\u00f3n de tener becas dependiendo del lugar donde est\u00e9s o la beca ind\u00edgena. Es la primera vez que vengo a una de estas actividades donde se hace una charla de becas de Junaeb\u201d, coment\u00f3.&nbsp;<\/p>\n\n\n\n<p>En tanto, Enzo Ciampi, quien igualmente cursa segundo medio, pero en el Liceo Donald Mc Intyre Griffiths, rememor\u00f3 que anteriormente, cuando estudiaba en un liceo t\u00e9cnico en la Regi\u00f3n de Valpara\u00edso, obtuvo una beca de transporte. \u201cLa actividad me pareci\u00f3 bastante entretenida e importante, porque nos ayuda m\u00e1s a informarnos sobre las cosas que hay para nosotros, principalmente sobre las becas\u201d. &nbsp;<\/p>\n\n\n\n<p>Por \u00faltimo, la profesora Jossienne Mondaca, quien acompa\u00f1\u00f3 a las y los estudiantes, mencion\u00f3 que \u201ces una instancia s\u00faper importante que deber\u00eda suceder con m\u00e1s frecuencia, ya que los chicos, en ocasiones por la zona en la que se encuentran, carecen de bastante informaci\u00f3n y necesitan estas instancias para tener la oportunidad de optar a todos sus beneficios (&#8230;). Y en segundo lugar, lo que comentaba el profesor (Bernardo Toledo), sobre la Reserva de la Bi\u00f3sfera Cabo de Hornos en la que nos encontramos. Creo que empapar a los chicos de la importancia del lugar donde vivimos es tremendamente relevante\u201d.<\/p>\n","protected":false},"excerpt":{"rendered":"<p>Mediante un innovador encuentro que incluy\u00f3 a instituciones p\u00fablicas vinculadas a la educaci\u00f3n, la Delegaci\u00f3n Presidencial Provincial de la Ant\u00e1rtica Chilena organiz\u00f3 una serie de charlas dirigidas a m\u00e1s de&#8230; <a class=\"read-more\" href=\"https:\/\/www.radiopresidenteibanez.cl\/web\/estudiantes-secundarios-de-puerto-williams-reciben-informacion-sobre-becas-y-oportunidades-de-educacion-superior-en-el-territorio\/\">Leer m\u00e1s<\/a><\/p>\n","protected":false},"author":2,"featured_media":59741,"comment_status":"closed","ping_status":"closed","sticky":false,"template":"","format":"standard","meta":{"footnotes":""},"categories":[1],"tags":[],"class_list":["post-59740","post","type-post","status-publish","format-standard","has-post-thumbnail","hentry","category-cronica"],"_links":{"self":[{"href":"https:\/\/www.radiopresidenteibanez.cl\/web\/wp-json\/wp\/v2\/posts\/59740","targetHints":{"allow":["GET"]}}],"collection":[{"href":"https:\/\/www.radiopresidenteibanez.cl\/web\/wp-json\/wp\/v2\/posts"}],"about":[{"href":"https:\/\/www.radiopresidenteibanez.cl\/web\/wp-json\/wp\/v2\/types\/post"}],"author":[{"embeddable":true,"href":"https:\/\/www.radiopresidenteibanez.cl\/web\/wp-json\/wp\/v2\/users\/2"}],"replies":[{"embeddable":true,"href":"https:\/\/www.radiopresidenteibanez.cl\/web\/wp-json\/wp\/v2\/comments?post=59740"}],"version-history":[{"count":0,"href":"https:\/\/www.radiopresidenteibanez.cl\/web\/wp-json\/wp\/v2\/posts\/59740\/revisions"}],"wp:featuredmedia":[{"embeddable":true,"href":"https:\/\/www.radiopresidenteibanez.cl\/web\/wp-json\/wp\/v2\/media\/59741"}],"wp:attachment":[{"href":"https:\/\/www.radiopresidenteibanez.cl\/web\/wp-json\/wp\/v2\/media?parent=59740"}],"wp:term":[{"taxonomy":"category","embeddable":true,"href":"https:\/\/www.radiopresidenteibanez.cl\/web\/wp-json\/wp\/v2\/categories?post=59740"},{"taxonomy":"post_tag","embeddable":true,"href":"https:\/\/www.radiopresidenteibanez.cl\/web\/wp-json\/wp\/v2\/tags?post=59740"}],"curies":[{"name":"wp","href":"https:\/\/api.w.org\/{rel}","templated":true}]}}