{"id":59737,"date":"2025-10-27T15:56:00","date_gmt":"2025-10-27T18:56:00","guid":{"rendered":"https:\/\/www.radiopresidenteibanez.cl\/web\/?p=59737"},"modified":"2025-10-27T10:46:05","modified_gmt":"2025-10-27T13:46:05","slug":"la-historia-de-las-estudiantes-charruas-que-estan-salvando-ovejas-en-la-patagonia","status":"publish","type":"post","link":"https:\/\/www.radiopresidenteibanez.cl\/web\/la-historia-de-las-estudiantes-charruas-que-estan-salvando-ovejas-en-la-patagonia\/","title":{"rendered":"La historia de las estudiantes charr\u00faas que est\u00e1n salvando ovejas\u00a0en la Patagonia\u00a0\u00a0\u00a0"},"content":{"rendered":"\n<p>Felipa apenas se sostiene en pie. Naci\u00f3 d\u00e9bil, sin fuerzas, y durante d\u00edas sus patas no respond\u00edan. Pero bajo el cuidado de un grupo de j\u00f3venes uruguayas, logra lo que parec\u00eda imposible: dar sus primeros pasos. \u201cFue emocionante verla caminar \u2014cuenta Fernanda Montana\u2014. Estuvimos d\u00edas haci\u00e9ndole masajes y ayud\u00e1ndola a ponerse de pie. Ahora ya se mantiene sola\u201d. &nbsp;&nbsp;<\/p>\n\n\n\n<p>Felipa es una de las m\u00e1s de 1.200 cr\u00edas que sobreviven cada temporada gracias al trabajo del equipo de estudiantes y egresadas de la Facultad de Veterinaria de la Universidad de la Rep\u00fablica (Udelar). Desde principios de octubre, las j\u00f3venes cumplen una pasant\u00eda de un mes en la estancia Luz Aurora, en San Gregorio. All\u00ed, durante las 24 horas del d\u00eda, atienden a ovejas reci\u00e9n paridas y a sus corderos en una especie de Unidad de Cuidados Intensivos ovina, un modelo in\u00e9dito en la regi\u00f3n que est\u00e1 cambiando la forma de manejar los partos m\u00faltiples. &nbsp;<\/p>\n\n\n\n<p>Las voluntarias llegan a Magallanes gracias a un convenio entre la universidad uruguaya y el productor Jorge Ca\u00f1\u00f3n, propietario del predio, ubicado en&nbsp;San Gregorio, comuna ganadera del noreste de Magallanes que destaca por sus pampas abiertas, el viento constante y el esfuerzo de su gente.&nbsp;&nbsp;\u201cEs el tercer a\u00f1o que vienen. Son j\u00f3venes muy comprometidas: trabajan en turnos de 12 horas, con fr\u00edo, viento y partos a toda hora. Pero lo hacen con vocaci\u00f3n y cari\u00f1o\u201d, destaca Ca\u00f1\u00f3n. &nbsp;<\/p>\n\n\n\n<p>Intent\u00f3&nbsp;primero&nbsp;hacer convenio&nbsp;con universidades e institutos chilenos, pero no lo consigui\u00f3. \u201cEl problema es que&nbsp;ac\u00e1&nbsp;las instituciones no permiten que los alumnos se ausenten un mes completo de clases, y esta experiencia requiere vivirla en terreno, porque es como una sala de clases al aire libre\u201d, explica. &nbsp;<\/p>\n\n\n\n<p><strong>De la p\u00e9rdida a la esperanza<\/strong><\/p>\n\n\n\n<p>En Luz Aurora, las ovejas pre\u00f1adas&nbsp;que se sabe van a tener mellizas o, en algunos casos incluso&nbsp;trillizas&nbsp;pasan primero a un corral cercado y, cuando se aproxima el parto, entran a un invernadero adaptado con jaulas individuales, donde reciben atenci\u00f3n constante. \u201cHacemos guardias de 24 horas&nbsp;por turnos. Recorremos los potreros, identificamos a las que est\u00e1n por parir y las llevamos al galp\u00f3n. Si hay complicaciones, intervenimos\u201d, relata Natalia&nbsp;Salico, veterinaria reci\u00e9n titulada. &nbsp;<\/p>\n\n\n\n<p>Las uruguayas atienden decenas de partos, realizan ces\u00e1reas, controlan la producci\u00f3n de leche, alimentan corderos hu\u00e9rfanos con mamaderas y recuperan ovejas que no pueden caminar. \u201cAlgunas ovejas adoptan a los hu\u00e9rfanos, y es incre\u00edble verlo \u2014cuenta Romina Machado, estudiante de quinto a\u00f1o\u2014. Les frotamos el olor de su cr\u00eda perdida y muchas los aceptan. Es una pr\u00e1ctica simple, pero efectiva, que salva vidas\u201d. &nbsp;<\/p>\n\n\n\n<p>Cada animal tiene nombre: Pulguita,&nbsp;Filipa, Rosita. \u201cUno se encari\u00f1a, pero tambi\u00e9n aprende a mirar con responsabilidad. Cuidar, prevenir, reaccionar a tiempo\u201d, agrega Romina. &nbsp;<\/p>\n\n\n\n<p>El sistema responde a un problema estructural en la ganader\u00eda ovina: las altas p\u00e9rdidas de cr\u00edas en partos m\u00faltiples. En Magallanes, seg\u00fan el ingeniero agr\u00f3nomo Ra\u00fal Lira, del Departamento T\u00e9cnico de INDAP, \u201ccada a\u00f1o se pierden cerca de 300 mil corderos por falta de manejo vigilado, especialmente en las primeras 72 horas de vida\u201d. &nbsp;<\/p>\n\n\n\n<p>&nbsp;En Luz Aurora, la historia es distinta. \u201cEl costo del operativo \u2014alimentaci\u00f3n, personal, insumos\u2014 equivale al valor de unas 300 ovejas, pero la ganancia supera las 1.200 cr\u00edas recuperadas. El balance es positivo en todos los sentidos\u201d, afirma Rub\u00e9n&nbsp;Caro, encargado del campo. &nbsp;&nbsp;<\/p>\n\n\n\n<p>Lira complementa: \u201cEste modelo demuestra que se puede mejorar la rentabilidad y reducir dr\u00e1sticamente la mortalidad. Y lo m\u00e1s importante es que es replicable. Un peque\u00f1o ganadero puede aplicarlo en menor escala, adaptando su galp\u00f3n y con diez o veinte jaulas. Los resultados ser\u00edan igual de notables\u201d. &nbsp;<\/p>\n\n\n\n<p>La visita a&nbsp;Luz Aurora&nbsp;forma parte del&nbsp;convenio de colaboraci\u00f3n entre INDAP e INIA&nbsp;Kampenaike, que busca acercar experiencias innovadoras a los productores de la regi\u00f3n. En ese contexto, el&nbsp;director regional de INDAP, Gabriel Zegers M\u00fcller, recorre el predio junto a un grupo de usuarios del \u00e1rea de Puerto Natales, quienes quedan sorprendidos con el nivel de manejo y la posibilidad de aplicar esta tecnolog\u00eda en sus propios campos.&nbsp;<\/p>\n\n\n\n<p>\u201cEste sistema combina la ciencia, la experiencia del ovejero y el compromiso con el bienestar animal. Es una lecci\u00f3n de innovaci\u00f3n para la ganader\u00eda familiar campesina que quisimos relevar mediante la colaboraci\u00f3n activa entre instituciones y uno pilar del trabajo para aumentar la eficiencia y eficacia estatal, en el Gobierno del&nbsp;Presidente&nbsp;Gabriel&nbsp;Boric\u201d, se\u00f1ala Zegers M\u00fcller.&nbsp;<\/p>\n\n\n\n<p>En el galp\u00f3n de Luz Aurora, mientras una nueva camada de corderos busca el calor de sus madres adoptivas, las j\u00f3venes veterinarias uruguayas siguen de pie, atentas, con las botas llenas de barro y una convicci\u00f3n clara: cada vida cuenta. Y en ese rinc\u00f3n austral, donde una cordera llamada Felipa aprende a caminar, la ciencia y la ternura avanzan al mismo ritmo.&nbsp;<\/p>\n","protected":false},"excerpt":{"rendered":"<p>Felipa apenas se sostiene en pie. Naci\u00f3 d\u00e9bil, sin fuerzas, y durante d\u00edas sus patas no respond\u00edan. Pero bajo el cuidado de un grupo de j\u00f3venes uruguayas, logra lo que&#8230; <a class=\"read-more\" href=\"https:\/\/www.radiopresidenteibanez.cl\/web\/la-historia-de-las-estudiantes-charruas-que-estan-salvando-ovejas-en-la-patagonia\/\">Leer m\u00e1s<\/a><\/p>\n","protected":false},"author":2,"featured_media":59738,"comment_status":"closed","ping_status":"closed","sticky":false,"template":"","format":"standard","meta":{"footnotes":""},"categories":[1],"tags":[],"class_list":["post-59737","post","type-post","status-publish","format-standard","has-post-thumbnail","hentry","category-cronica"],"_links":{"self":[{"href":"https:\/\/www.radiopresidenteibanez.cl\/web\/wp-json\/wp\/v2\/posts\/59737","targetHints":{"allow":["GET"]}}],"collection":[{"href":"https:\/\/www.radiopresidenteibanez.cl\/web\/wp-json\/wp\/v2\/posts"}],"about":[{"href":"https:\/\/www.radiopresidenteibanez.cl\/web\/wp-json\/wp\/v2\/types\/post"}],"author":[{"embeddable":true,"href":"https:\/\/www.radiopresidenteibanez.cl\/web\/wp-json\/wp\/v2\/users\/2"}],"replies":[{"embeddable":true,"href":"https:\/\/www.radiopresidenteibanez.cl\/web\/wp-json\/wp\/v2\/comments?post=59737"}],"version-history":[{"count":0,"href":"https:\/\/www.radiopresidenteibanez.cl\/web\/wp-json\/wp\/v2\/posts\/59737\/revisions"}],"wp:featuredmedia":[{"embeddable":true,"href":"https:\/\/www.radiopresidenteibanez.cl\/web\/wp-json\/wp\/v2\/media\/59738"}],"wp:attachment":[{"href":"https:\/\/www.radiopresidenteibanez.cl\/web\/wp-json\/wp\/v2\/media?parent=59737"}],"wp:term":[{"taxonomy":"category","embeddable":true,"href":"https:\/\/www.radiopresidenteibanez.cl\/web\/wp-json\/wp\/v2\/categories?post=59737"},{"taxonomy":"post_tag","embeddable":true,"href":"https:\/\/www.radiopresidenteibanez.cl\/web\/wp-json\/wp\/v2\/tags?post=59737"}],"curies":[{"name":"wp","href":"https:\/\/api.w.org\/{rel}","templated":true}]}}