{"id":59734,"date":"2025-10-27T14:13:00","date_gmt":"2025-10-27T17:13:00","guid":{"rendered":"https:\/\/www.radiopresidenteibanez.cl\/web\/?p=59734"},"modified":"2025-10-27T10:07:02","modified_gmt":"2025-10-27T13:07:02","slug":"coloquio-internacional-puso-en-relevancia-el-aprovechamiento-de-la-energia-mareomotriz-en-magallanes","status":"publish","type":"post","link":"https:\/\/www.radiopresidenteibanez.cl\/web\/coloquio-internacional-puso-en-relevancia-el-aprovechamiento-de-la-energia-mareomotriz-en-magallanes\/","title":{"rendered":"Coloquio internacional puso en relevancia el aprovechamiento de la energ\u00eda mareomotriz en Magallanes"},"content":{"rendered":"\n<p>Se realiz\u00f3 en la Universidad de Magallanes el coloquio \u201cAprovechamiento de la Energ\u00eda Mareomotriz en Magallanes 2025\u201d, organizado por el Centro MERIC, la Facultad de Ingenier\u00eda de la Universidad de Magallanes y el Programa Transforma H\u2082V Magallanes de Corfo.<\/p>\n\n\n\n<p>El encuentro reuni\u00f3 a m\u00e1s de 50 asistentes, quienes participaron activamente durante toda la jornada, reflejando el inter\u00e9s creciente por aprovechar el potencial de la energ\u00eda de mareas como fuente complementaria para la producci\u00f3n de hidr\u00f3geno verde y el desarrollo sostenible de la regi\u00f3n.<\/p>\n\n\n\n<p>El coloquio cont\u00f3 con las presentaciones de Leandro Su\u00e1rez (Centro MERIC), Mario Zenteno (Transforma H\u2082V Magallanes \u2013 Corfo), Camila Jorquera (Voar, Escocia\/Chile), Marcos Di Iorio (Centro MERIC) y Jaime V\u00e1squez (Albatros, Magallanes), exponentes que dieron paso a un di\u00e1logo constructivo sobre los desaf\u00edos y oportunidades que ofrece la energ\u00eda de mareas y su integraci\u00f3n con la cadena de valor del hidr\u00f3geno verde.<\/p>\n\n\n\n<p>Adem\u00e1s, el encuentro cont\u00f3 con las exposiciones online internacionales de Dernis Mediavilla (EMEC, Escocia) y Mario Iglesias (Magallanes Renovables, Espa\u00f1a), quienes compartieron su experiencia en la integraci\u00f3n de energ\u00eda mareomotriz y producci\u00f3n de H\u2082V.<\/p>\n\n\n\n<p>Sobre el coloquio, Marcos Di Iorio, gerente de Desarrollo del Centro Meric, mencion\u00f3 que \u201chemos impulsado este tipo de energ\u00edas como insumo para la regi\u00f3n desde un principio y en constante colaboraci\u00f3n con la Universidad de Magallanes. Esperamos que todo lo que se present\u00f3 y convers\u00f3 en esta actividad sea una semilla para que se siga trabajando, esperando ver estas tecnolog\u00edas en el agua en un futuro\u201d.<\/p>\n\n\n\n<p>En tanto, el subdirector de CORFO Magallanes, \u00d3scar Strauch, manifest\u00f3: \u201cSabemos que tecnolog\u00edas como la mareomotriz tienen desaf\u00edos, especialmente en t\u00e9rminos de costos iniciales, pero tambi\u00e9n presentan una oportunidad \u00fanica: compartir riesgos y avanzar en pilotos que aprovechen el enorme potencial del Estrecho de Magallanes. Las zonas con mayor factor de planta para esta energ\u00eda se encuentran muy pr\u00f3ximas a los principales proyectos de hidr\u00f3geno verde, lo que la posiciona como una alternativa estrat\u00e9gica para sostener el consumo energ\u00e9tico y producir un hidr\u00f3geno verdaderamente 100\u202f% verde y competitivo a escala global\u201d.<\/p>\n\n\n\n<p>Por su parte, Camila Jorquera, directora en Chile de Voar (Escocia), consultora especializada en servicios t\u00e9cnicos y socioecon\u00f3micos para proyectos de energ\u00eda y H2V, expres\u00f3 que \u201cpara la generaci\u00f3n de energ\u00edas renovables, el puntapi\u00e9 inicial tiene que ser instancias como estas, donde se vea esa colaboraci\u00f3n p\u00fablico-privada m\u00e1s la academia, ya que necesitamos entender c\u00f3mo este tipo de energ\u00edas que otros pa\u00edses est\u00e1n realizando pueda funcionar aqu\u00ed en Magallanes\u201d, agregando que \u201ccuando hablamos de transici\u00f3n energ\u00e9tica en la regi\u00f3n \u00bfA qu\u00e9 nos referimos? Hay que tener claridad de lo que buscamos para trabajar en pos de ese desarrollo\u201d.<\/p>\n\n\n\n<p>El decano de la Facultad de Ingenier\u00eda UMAG, Dr. Claudio G\u00f3mez, manifest\u00f3 su satisfacci\u00f3n de \u201cser la plataforma para que se re\u00fanan los profesionales del \u00e1rea mareomotriz. La Universidad y la Facultad tienen que ser espacios para ver los grandes retos que tenemos para Magallanes, y sin duda la energ\u00eda mareomotriz es uno de ellos. Es un tipo de energ\u00eda que se est\u00e1 empezando a desarrollar, que tiene una potencialidad incre\u00edble, y que implica grandes desaf\u00edos, desde el punto de vista ambiental y tecnol\u00f3gico\u201d.<\/p>\n\n\n\n<p>Entre las principales conclusiones, se destac\u00f3 la necesidad de avanzar hacia un primer proyecto piloto de energ\u00eda de mareas en Magallanes, fortaleciendo las capacidades locales y promoviendo alianzas p\u00fablico-privadas e internacionales que aceleren la incorporaci\u00f3n de las energ\u00edas marinas en la estrategia de descarbonizaci\u00f3n de la regi\u00f3n.<\/p>\n","protected":false},"excerpt":{"rendered":"<p>Se realiz\u00f3 en la Universidad de Magallanes el coloquio \u201cAprovechamiento de la Energ\u00eda Mareomotriz en Magallanes 2025\u201d, organizado por el Centro MERIC, la Facultad de Ingenier\u00eda de la Universidad de&#8230; <a class=\"read-more\" href=\"https:\/\/www.radiopresidenteibanez.cl\/web\/coloquio-internacional-puso-en-relevancia-el-aprovechamiento-de-la-energia-mareomotriz-en-magallanes\/\">Leer m\u00e1s<\/a><\/p>\n","protected":false},"author":2,"featured_media":59735,"comment_status":"closed","ping_status":"closed","sticky":false,"template":"","format":"standard","meta":{"footnotes":""},"categories":[1],"tags":[],"class_list":["post-59734","post","type-post","status-publish","format-standard","has-post-thumbnail","hentry","category-cronica"],"_links":{"self":[{"href":"https:\/\/www.radiopresidenteibanez.cl\/web\/wp-json\/wp\/v2\/posts\/59734","targetHints":{"allow":["GET"]}}],"collection":[{"href":"https:\/\/www.radiopresidenteibanez.cl\/web\/wp-json\/wp\/v2\/posts"}],"about":[{"href":"https:\/\/www.radiopresidenteibanez.cl\/web\/wp-json\/wp\/v2\/types\/post"}],"author":[{"embeddable":true,"href":"https:\/\/www.radiopresidenteibanez.cl\/web\/wp-json\/wp\/v2\/users\/2"}],"replies":[{"embeddable":true,"href":"https:\/\/www.radiopresidenteibanez.cl\/web\/wp-json\/wp\/v2\/comments?post=59734"}],"version-history":[{"count":0,"href":"https:\/\/www.radiopresidenteibanez.cl\/web\/wp-json\/wp\/v2\/posts\/59734\/revisions"}],"wp:featuredmedia":[{"embeddable":true,"href":"https:\/\/www.radiopresidenteibanez.cl\/web\/wp-json\/wp\/v2\/media\/59735"}],"wp:attachment":[{"href":"https:\/\/www.radiopresidenteibanez.cl\/web\/wp-json\/wp\/v2\/media?parent=59734"}],"wp:term":[{"taxonomy":"category","embeddable":true,"href":"https:\/\/www.radiopresidenteibanez.cl\/web\/wp-json\/wp\/v2\/categories?post=59734"},{"taxonomy":"post_tag","embeddable":true,"href":"https:\/\/www.radiopresidenteibanez.cl\/web\/wp-json\/wp\/v2\/tags?post=59734"}],"curies":[{"name":"wp","href":"https:\/\/api.w.org\/{rel}","templated":true}]}}