{"id":59731,"date":"2025-10-27T12:49:00","date_gmt":"2025-10-27T15:49:00","guid":{"rendered":"https:\/\/www.radiopresidenteibanez.cl\/web\/?p=59731"},"modified":"2025-10-27T09:39:32","modified_gmt":"2025-10-27T12:39:32","slug":"importante-avance-de-nueva-red-de-recoleccion-sanitaria-en-sector-norte-de-punta-arenas","status":"publish","type":"post","link":"https:\/\/www.radiopresidenteibanez.cl\/web\/importante-avance-de-nueva-red-de-recoleccion-sanitaria-en-sector-norte-de-punta-arenas\/","title":{"rendered":"IMPORTANTE AVANCE DE NUEVA RED DE RECOLECCI\u00d3N SANITARIA EN SECTOR NORTE DE PUNTA ARENAS"},"content":{"rendered":"\n<p>Aguas Magallanes inform\u00f3 que un 50% de avance presentan las obras del nuevo Colector Los Flamencos, proyecto ubicado en el sector norte de la capital regional, y que contempla una extensi\u00f3n total de casi 3.000 metros de red de recolecci\u00f3n de aguas servidas.<\/p>\n\n\n\n<p>La obra \u2013ejecutada por la empresa contratista Salfa\u2013 beneficiar\u00e1 a parte del Plan de Emergencia Habitacional impulsado por el Ministerio de Vivienda y Urbanismo (MINVU), y permitir\u00e1 dotar de un sistema de alcantarillado seguro y eficiente a los loteos Lomas del Bosque, beneficiando a m\u00e1s de 1.500 familias.<\/p>\n\n\n\n<p>El avance de estas obras marca un importante hito en la ampliaci\u00f3n del sistema sanitario de la ciudad. Actualmente, los trabajos se desarrollan en distintos frentes paralelos: en la Ruta 9, con la instalaci\u00f3n de entibaciones para la red principal de colector; en avenida Los Flamencos, con labores de reubicaci\u00f3n de la red de agua potable y normalizaci\u00f3n de accesos al Hospital Cl\u00ednico; y en avenida Eduardo Frei, con reposici\u00f3n de ciclov\u00eda y tendido de tuber\u00edas frente al Centro de Rehabilitaci\u00f3n y al Hospital.<\/p>\n\n\n\n<p>Durante las pr\u00f3ximas semanas, las faenas se concentrar\u00e1n en la intersecci\u00f3n de avenida Frei con Los Flamencos, donde se ejecutar\u00e1 el cruce de calzada, autorizado por los organismos pertinentes.<\/p>\n\n\n\n<p>\u201cEsta obra es una muestra concreta del compromiso que mantenemos con el desarrollo urbano de Punta Arenas y con la calidad de vida de nuestros vecinos. Ampliar la infraestructura sanitaria nos permite acompa\u00f1ar el crecimiento de la ciudad y asegurar servicios de calidad para las nuevas familias que llegan al sector norte\u201d, destac\u00f3 Christian Adema Galetovic, gerente regional de Aguas Magallanes, quien, junto con agradecer la comprensi\u00f3n y colaboraci\u00f3n de los vecinos, tambi\u00e9n hizo un llamado a tomar los resguardos pertinentes para cuidar la seguridad de todos, mientras se ejecutan las obras.<\/p>\n","protected":false},"excerpt":{"rendered":"<p>Aguas Magallanes inform\u00f3 que un 50% de avance presentan las obras del nuevo Colector Los Flamencos, proyecto ubicado en el sector norte de la capital regional, y que contempla una&#8230; <a class=\"read-more\" href=\"https:\/\/www.radiopresidenteibanez.cl\/web\/importante-avance-de-nueva-red-de-recoleccion-sanitaria-en-sector-norte-de-punta-arenas\/\">Leer m\u00e1s<\/a><\/p>\n","protected":false},"author":2,"featured_media":59732,"comment_status":"closed","ping_status":"closed","sticky":false,"template":"","format":"standard","meta":{"footnotes":""},"categories":[1],"tags":[],"class_list":["post-59731","post","type-post","status-publish","format-standard","has-post-thumbnail","hentry","category-cronica"],"_links":{"self":[{"href":"https:\/\/www.radiopresidenteibanez.cl\/web\/wp-json\/wp\/v2\/posts\/59731","targetHints":{"allow":["GET"]}}],"collection":[{"href":"https:\/\/www.radiopresidenteibanez.cl\/web\/wp-json\/wp\/v2\/posts"}],"about":[{"href":"https:\/\/www.radiopresidenteibanez.cl\/web\/wp-json\/wp\/v2\/types\/post"}],"author":[{"embeddable":true,"href":"https:\/\/www.radiopresidenteibanez.cl\/web\/wp-json\/wp\/v2\/users\/2"}],"replies":[{"embeddable":true,"href":"https:\/\/www.radiopresidenteibanez.cl\/web\/wp-json\/wp\/v2\/comments?post=59731"}],"version-history":[{"count":0,"href":"https:\/\/www.radiopresidenteibanez.cl\/web\/wp-json\/wp\/v2\/posts\/59731\/revisions"}],"wp:featuredmedia":[{"embeddable":true,"href":"https:\/\/www.radiopresidenteibanez.cl\/web\/wp-json\/wp\/v2\/media\/59732"}],"wp:attachment":[{"href":"https:\/\/www.radiopresidenteibanez.cl\/web\/wp-json\/wp\/v2\/media?parent=59731"}],"wp:term":[{"taxonomy":"category","embeddable":true,"href":"https:\/\/www.radiopresidenteibanez.cl\/web\/wp-json\/wp\/v2\/categories?post=59731"},{"taxonomy":"post_tag","embeddable":true,"href":"https:\/\/www.radiopresidenteibanez.cl\/web\/wp-json\/wp\/v2\/tags?post=59731"}],"curies":[{"name":"wp","href":"https:\/\/api.w.org\/{rel}","templated":true}]}}