{"id":59728,"date":"2025-10-27T11:36:00","date_gmt":"2025-10-27T14:36:00","guid":{"rendered":"https:\/\/www.radiopresidenteibanez.cl\/web\/?p=59728"},"modified":"2025-10-27T09:34:21","modified_gmt":"2025-10-27T12:34:21","slug":"energia-companerismo-y-superacion-la-escuela-portugal-fue-sede-del-primer-encuentro-escolar-de-cross-training","status":"publish","type":"post","link":"https:\/\/www.radiopresidenteibanez.cl\/web\/energia-companerismo-y-superacion-la-escuela-portugal-fue-sede-del-primer-encuentro-escolar-de-cross-training\/","title":{"rendered":"Energ\u00eda, compa\u00f1erismo y superaci\u00f3n: la Escuela Portugal fue sede del Primer Encuentro Escolar de Cross-Training"},"content":{"rendered":"\n<p>Con esfuerzo, alegr\u00eda y esp\u00edritu de equipo, estudiantes de distintos establecimientos educacionales de Punta Arenas dieron vida al Primer Encuentro Escolar de Cross-Training, una jornada que transform\u00f3 el gimnasio de la Escuela Portugal en un espacio lleno de energ\u00eda, deporte y valores compartidos.<\/p>\n\n\n\n<p>La actividad, organizada por la Delegaci\u00f3n Presidencial Regional de Magallanes, la Secretar\u00eda Regional Ministerial de Educaci\u00f3n y el programa SENDA Previene, convoc\u00f3 a j\u00f3venes de diversos liceos y escuelas en torno a un mismo prop\u00f3sito: promover la vida activa, el trabajo en equipo y la prevenci\u00f3n a trav\u00e9s del deporte.<\/p>\n\n\n\n<p>\u201cEstamos en el primer encuentro escolar de Cross-Training que organizamos como Delegaci\u00f3n Presidencial, junto a SENDA y la Secretar\u00eda Ministerial Regional de Educaci\u00f3n. Es algo realmente in\u00e9dito en nuestra regi\u00f3n, y queremos seguir abriendo espacios deportivos a los estudiantes de Punta Arenas\u201d, destac\u00f3 el Delegado Presidencial Regional, Jos\u00e9 Ruiz Pivcevic, agradeciendo el esfuerzo de los equipos, profesores y profesionales que hicieron posible la actividad.<\/p>\n\n\n\n<p>Los participantes \u2014provenientes de la Escuela Pedro Pablo Lemaitre, Liceo Contardi, Instituto Superior de Comercio, Liceo Polit\u00e9cnico Ra\u00fal Silva Henr\u00edquez y Liceo Industrial Armando Quezada Achar\u00e1n\u2014 se prepararon durante tres meses con entrenamientos guiados por profesionales del \u00e1rea, entre ellos el profesor Christian Vergara (VatraBox).<\/p>\n\n\n\n<p>Los coordinadores Francisco Nova y Diego Osses, funcionarios del Departamento Social de la Delegaci\u00f3n Presidencial, impulsores de la iniciativa, manifestaron su satisfacci\u00f3n por el \u00e9xito de la actividad: \u201cEl cross-training fue la excusa perfecta para reunir a j\u00f3venes con ganas de superarse. Lo m\u00e1s valioso fue ver c\u00f3mo se apoyaban, c\u00f3mo se desafiaban y disfrutaban juntos\u201d, se\u00f1al\u00f3 Diego Osses. \u201cEl objetivo era proponer algo distinto, que dejara huella y que les mostrara que el deporte puede transformar realidades\u201d, agreg\u00f3 Francisco Nova.<\/p>\n\n\n\n<p>Durante la jornada, los equipos demostraron destreza, compromiso y un entusiasmo que contagi\u00f3 a toda la comunidad educativa. M\u00e1s all\u00e1 de la competencia, el encuentro se convirti\u00f3 en un espacio de integraci\u00f3n y aprendizaje, donde cada participante pudo desafiar sus propios l\u00edmites y descubrir el valor del esfuerzo colectivo.<\/p>\n\n\n\n<p>\u201cEl objetivo principal fue promover la actividad f\u00edsica y la salud, no solo f\u00edsica sino tambi\u00e9n mental. Quer\u00edamos que los chicos se divirtieran, que lo pasaran bien junto a sus compa\u00f1eros y familias, siempre haciendo deporte\u201d, coment\u00f3 el profesor Christian Vergara, quien adem\u00e1s adelant\u00f3 que esperan ampliar la iniciativa el pr\u00f3ximo a\u00f1o para incluir a m\u00e1s establecimientos de toda la regi\u00f3n.<\/p>\n\n\n\n<p>Un equipo de jueces conformado por deportistas regionales de la disciplina, varios de ellos seleccionados nacionales de cross-training, tuvo la responsabilidad de evaluar el desempe\u00f1o de los grupos. Su presencia aport\u00f3 profesionalismo, experiencia y motivaci\u00f3n a los j\u00f3venes, quienes valoraron recibir observaciones y consejos de atletas destacados a nivel regional y nacional.<\/p>\n\n\n\n<p>Asimismo, durante todo el evento, los profesores de educaci\u00f3n f\u00edsica y docentes acompa\u00f1antes de los distintos establecimientos cumplieron un rol fundamental, brindando apoyo constante a sus estudiantes, alent\u00e1ndolos desde las grader\u00edas y colaborando activamente en la organizaci\u00f3n y el bienestar de los equipos. Su compromiso y entusiasmo fueron claves para el buen desarrollo de la jornada.<\/p>\n\n\n\n<p>El Seremi de Educaci\u00f3n, Valent\u00edn Aguilera G\u00f3mez, subray\u00f3 el aporte formativo del evento y su coincidencia con los avances legislativos que promueven la actividad f\u00edsica diaria en los establecimientos educacionales: \u201cEstamos muy contentos, estos encuentros reflejan la importancia de desarrollar h\u00e1bitos de vida saludables, cuidar la salud y tambi\u00e9n generar comunidad. Hace poco ya se termin\u00f3 la discusi\u00f3n y va a avanzar justamente la ley que establece que existan 60 minutos de actividad f\u00edsica en todos los establecimientos educacionales, todos los d\u00edas. Es algo con lo cual estamos empezando y efectivamente este tipo de encuentros tambi\u00e9n ayudan a reflejar la importancia de este tipo de instancias\u201d, sostuvo.<\/p>\n\n\n\n<p>Por su parte, el coordinador de SENDA, Esteban Maldonado, destac\u00f3 el enfoque preventivo de la iniciativa: \u201cBuscamos fortalecer los factores protectores y ofrecer a los j\u00f3venes alternativas saludables de uso del tiempo libre. El deporte es una poderosa herramienta de bienestar y prevenci\u00f3n. La idea de este encuentro deportivo es que pueda ser replicable y tambi\u00e9n utilizable en el tiempo y que pueda ser material para que los m\u00e1s establecimientos se puedan sumar en esta iniciativa deportiva\u201d<\/p>\n\n\n\n<p>Los estudiantes tambi\u00e9n compartieron sus impresiones sobre la experiencia.<\/p>\n\n\n\n<p>\u201cFue una competencia intensa, pero la adrenalina es mucha y te da fuerzas para seguir, aunque est\u00e9s cansado. Estoy muy orgullosa de mi equipo\u201d, expres\u00f3 Carolina Rubio, del Liceo Pedro Pablo Lemaitre.<\/p>\n\n\n\n<p>\u201cMe parece muy bueno porque ayuda tanto f\u00edsica como mentalmente, te despeja y te motiva a seguir en algo positivo. Es un apoyo para quienes est\u00e1n con problemas de consumo, para hacer cosas que ayuden a la salud.\u201d, agreg\u00f3 su compa\u00f1era Yeriangel Caballero.<\/p>\n\n\n\n<p>Asimismo, Daniel Zambrano, otro de los participantes, indic\u00f3 entusiasta: \u201cMe parece una actividad s\u00faper bac\u00e1n, porque como los chicos van aprendiendo, se van esforzando, algunos que van mejorando su salud y todo esto. Porque hay algunos que empiezan a hacer ejercicio y les sirve para ir mejorando en las \u00e1reas y en sus deportes que en separado. Estar\u00eda bueno igual, por ejemplo, que se haga esto mismo entre todos los liceos, pero con diferentes deportes en toda \u00e1rea.\u201d<\/p>\n\n\n\n<p>La jornada culmin\u00f3 con una ceremonia de premiaci\u00f3n, en la que el gimnasio se llen\u00f3 de aplausos, abrazos y sonrisas. M\u00e1s que medallas, lo que se celebr\u00f3 fue el compa\u00f1erismo, el respeto y el cari\u00f1o entre los equipos, reflejo del esp\u00edritu que marc\u00f3 toda la competencia. \u201cFue un momento muy emocionante, donde se not\u00f3 que m\u00e1s all\u00e1 del resultado, todos se reconoc\u00edan mutuamente por el esfuerzo y la entrega\u201d, comentaron los organizadores.<\/p>\n\n\n\n<p>El \u00e9xito de esta primera versi\u00f3n marca el inicio de un proyecto que busca consolidarse en el tiempo, sumando cada a\u00f1o a m\u00e1s establecimientos de la regi\u00f3n.<\/p>\n\n\n\n<p>El Encuentro Escolar de Cross-Training deja un mensaje claro: cuando se unen deporte, educaci\u00f3n y comunidad, el resultado es crecimiento, bienestar y esperanza para las juventudes magall\u00e1nicas.<\/p>\n","protected":false},"excerpt":{"rendered":"<p>Con esfuerzo, alegr\u00eda y esp\u00edritu de equipo, estudiantes de distintos establecimientos educacionales de Punta Arenas dieron vida al Primer Encuentro Escolar de Cross-Training, una jornada que transform\u00f3 el gimnasio de&#8230; <a class=\"read-more\" href=\"https:\/\/www.radiopresidenteibanez.cl\/web\/energia-companerismo-y-superacion-la-escuela-portugal-fue-sede-del-primer-encuentro-escolar-de-cross-training\/\">Leer m\u00e1s<\/a><\/p>\n","protected":false},"author":2,"featured_media":59729,"comment_status":"closed","ping_status":"closed","sticky":false,"template":"","format":"standard","meta":{"footnotes":""},"categories":[1],"tags":[],"class_list":["post-59728","post","type-post","status-publish","format-standard","has-post-thumbnail","hentry","category-cronica"],"_links":{"self":[{"href":"https:\/\/www.radiopresidenteibanez.cl\/web\/wp-json\/wp\/v2\/posts\/59728","targetHints":{"allow":["GET"]}}],"collection":[{"href":"https:\/\/www.radiopresidenteibanez.cl\/web\/wp-json\/wp\/v2\/posts"}],"about":[{"href":"https:\/\/www.radiopresidenteibanez.cl\/web\/wp-json\/wp\/v2\/types\/post"}],"author":[{"embeddable":true,"href":"https:\/\/www.radiopresidenteibanez.cl\/web\/wp-json\/wp\/v2\/users\/2"}],"replies":[{"embeddable":true,"href":"https:\/\/www.radiopresidenteibanez.cl\/web\/wp-json\/wp\/v2\/comments?post=59728"}],"version-history":[{"count":0,"href":"https:\/\/www.radiopresidenteibanez.cl\/web\/wp-json\/wp\/v2\/posts\/59728\/revisions"}],"wp:featuredmedia":[{"embeddable":true,"href":"https:\/\/www.radiopresidenteibanez.cl\/web\/wp-json\/wp\/v2\/media\/59729"}],"wp:attachment":[{"href":"https:\/\/www.radiopresidenteibanez.cl\/web\/wp-json\/wp\/v2\/media?parent=59728"}],"wp:term":[{"taxonomy":"category","embeddable":true,"href":"https:\/\/www.radiopresidenteibanez.cl\/web\/wp-json\/wp\/v2\/categories?post=59728"},{"taxonomy":"post_tag","embeddable":true,"href":"https:\/\/www.radiopresidenteibanez.cl\/web\/wp-json\/wp\/v2\/tags?post=59728"}],"curies":[{"name":"wp","href":"https:\/\/api.w.org\/{rel}","templated":true}]}}