{"id":59711,"date":"2025-10-26T13:26:00","date_gmt":"2025-10-26T16:26:00","guid":{"rendered":"https:\/\/www.radiopresidenteibanez.cl\/web\/?p=59711"},"modified":"2025-10-26T11:28:38","modified_gmt":"2025-10-26T14:28:38","slug":"hospital-clinico-magallanes-alerta-aumento-de-consultas-respiratorias-por-influenza-a","status":"publish","type":"post","link":"https:\/\/www.radiopresidenteibanez.cl\/web\/hospital-clinico-magallanes-alerta-aumento-de-consultas-respiratorias-por-influenza-a\/","title":{"rendered":"Hospital Cl\u00ednico Magallanes alerta aumento de consultas respiratorias por Influenza A"},"content":{"rendered":"\n<p>El Hospital Cl\u00ednico Magallanes (HCM) inform\u00f3 un aumento sostenido en las<br>consultas respiratorias de las \u00faltimas semanas, fen\u00f3meno que coincide con el<br>incremento de circulaci\u00f3n viral por Influenza A, reportado por el Laboratorio del<br>establecimiento. Esta situaci\u00f3n ha generado un repunte de la demanda asistencial<br>en la Unidad de Emergencia Hospitalaria (UEH), tanto en adultos como en<br>poblaci\u00f3n pedi\u00e1trica, extendiendo el peak de atenciones m\u00e1s all\u00e1 del per\u00edodo<br>habitual de la campa\u00f1a de invierno.<br>Actualmente, del total de consultas registradas en la UEH, un 9% corresponde a<br>causas respiratorias en adultos y un 40% en pacientes pedi\u00e1tricos. Antes del<br>18 de septiembre, las cifras eran menores: 10% en adultos y 25% en ni\u00f1os.<br>Pese a que el porcentaje de consultas no ha aumentado dr\u00e1sticamente, s\u00ed se ha<br>evidenciado un incremento en las hospitalizaciones por cuadros respiratorios,<br>lo que refleja mayor gravedad de los casos.<br>En Pediatr\u00eda, durante septiembre se hospitalizaron 14 pacientes por causas<br>respiratorias, mientras que en lo que va de octubre ya se contabilizan 10.<br>En el caso de adultos, en septiembre fueron 39 hospitalizaciones y en octubre<br>se registran 48, evidenciando una tendencia al alza.<\/p>\n\n\n\n<p>\u201cHemos tenido un aumento significativo post 18 de septiembre\u201d<br>La doctora Magda Torres, m\u00e9dico urgenci\u00f3loga y subrogante de la Jefatura de la<br>Unidad de Emergencia Hospitalaria, explic\u00f3 que el alza ha sido evidente tras las<br>Fiestas Patrias:<br>\u201cDespu\u00e9s de la semana del 18 de septiembre hubo una alta significativa de las<br>enfermedades respiratorias, tanto en pacientes adultos como en urgencias<br>pedi\u00e1tricas tambi\u00e9n\u201d, se\u00f1al\u00f3.<br>Respecto a las medidas de prevenci\u00f3n, la especialista enfatiz\u00f3 que la ciudadan\u00eda<br>debe mantener las recomendaciones b\u00e1sicas de autocuidado:<br>\u201cEl uso de tapabocas sigue siendo fundamental, especialmente si se va a estar en<br>contacto con adultos mayores, ni\u00f1os peque\u00f1os o personas inmunosuprimidas.<br>Tambi\u00e9n es importante el lavado frecuente de manos, evitar aglomeraciones y<br>cubrirse al toser\u201d, indic\u00f3.<br>Sobre cu\u00e1ndo acudir a la urgencia, la doctora Torres precis\u00f3 que:<\/p>\n\n\n\n<p>\u201cEn casos de infecciones respiratorias leves en pacientes sanos, se puede acudir<br>a un SAPU o SAR cercano. La mayor\u00eda son virales y se resuelven con reposo,<br>hidrataci\u00f3n y antiinflamatorios. En cambio, los pacientes de riesgo \u2014diab\u00e9ticos,<br>inmunosuprimidos o con enfermedades respiratorias cr\u00f3nicas\u2014 deben consultar<br>precozmente. Las se\u00f1ales de alarma son dificultad para respirar o fiebre<br>persistente por m\u00e1s de tres d\u00edas\u201d.<\/p>\n\n\n\n<p>\u201cEl comportamiento viral ha sido at\u00edpico este a\u00f1o\u201d<br>El doctor Rodrigo Mu\u00f1oz, infect\u00f3logo del Hospital Cl\u00ednico de Magallanes,<br>complement\u00f3 que el patr\u00f3n de circulaci\u00f3n viral ha cambiado respecto a a\u00f1os<br>previos:<br>\u201cEl comportamiento de la infecci\u00f3n respiratoria este a\u00f1o ha sido bien at\u00edpico en<br>relaci\u00f3n a la \u00e9poca pre-COVID. Estamos viendo desde los \u00faltimos dos o tres a\u00f1os<br>circulaci\u00f3n viral importante durante casi toda la temporada\u201d, explic\u00f3.<br>Agreg\u00f3 que, actualmente, \u201ctenemos un aumento de circulaci\u00f3n de Influenza A<br>bastante marcado en las \u00faltimas semanas, con hospitalizaciones en pacientes<br>de distintas edades y factores de riesgo. A\u00fan no sabemos si esta tendencia va a<br>disminuir o mantenerse en los pr\u00f3ximos d\u00edas\u201d.<br>El especialista insisti\u00f3 en la necesidad de mantener las medidas preventivas:<br>\u201cEs muy importante el lavado de manos, cubrirse la boca al toser, ventilar los<br>ambientes y evitar el contacto con personas vulnerables. El uso de mascarilla<br>sigue siendo una medida efectiva para reducir la transmisi\u00f3n viral\u201d, afirm\u00f3.<\/p>\n\n\n\n<p>Medidas preventivas y vacunaci\u00f3n disponible<br>El Hospital Cl\u00ednico de Magallanes record\u00f3 que el uso de mascarilla es<br>obligatorio en la Unidad de Emergencia Hospitalaria, y que su Vacunatorio,<br>ubicado en el primer piso del CAE Adulto, cuenta con vacunas contra la<br>Influenza y la Neumon\u00eda.<br>Asimismo, se reitera la recomendaci\u00f3n de no visitar a familiares hospitalizados<br>si se presentan s\u00edntomas respiratorios, con el fin de evitar la propagaci\u00f3n de<br>virus dentro del establecimiento.<\/p>\n","protected":false},"excerpt":{"rendered":"<p>El Hospital Cl\u00ednico Magallanes (HCM) inform\u00f3 un aumento sostenido en lasconsultas respiratorias de las \u00faltimas semanas, fen\u00f3meno que coincide con elincremento de circulaci\u00f3n viral por Influenza A, reportado por el&#8230; <a class=\"read-more\" href=\"https:\/\/www.radiopresidenteibanez.cl\/web\/hospital-clinico-magallanes-alerta-aumento-de-consultas-respiratorias-por-influenza-a\/\">Leer m\u00e1s<\/a><\/p>\n","protected":false},"author":2,"featured_media":59712,"comment_status":"closed","ping_status":"closed","sticky":false,"template":"","format":"standard","meta":{"footnotes":""},"categories":[1],"tags":[],"class_list":["post-59711","post","type-post","status-publish","format-standard","has-post-thumbnail","hentry","category-cronica"],"_links":{"self":[{"href":"https:\/\/www.radiopresidenteibanez.cl\/web\/wp-json\/wp\/v2\/posts\/59711","targetHints":{"allow":["GET"]}}],"collection":[{"href":"https:\/\/www.radiopresidenteibanez.cl\/web\/wp-json\/wp\/v2\/posts"}],"about":[{"href":"https:\/\/www.radiopresidenteibanez.cl\/web\/wp-json\/wp\/v2\/types\/post"}],"author":[{"embeddable":true,"href":"https:\/\/www.radiopresidenteibanez.cl\/web\/wp-json\/wp\/v2\/users\/2"}],"replies":[{"embeddable":true,"href":"https:\/\/www.radiopresidenteibanez.cl\/web\/wp-json\/wp\/v2\/comments?post=59711"}],"version-history":[{"count":0,"href":"https:\/\/www.radiopresidenteibanez.cl\/web\/wp-json\/wp\/v2\/posts\/59711\/revisions"}],"wp:featuredmedia":[{"embeddable":true,"href":"https:\/\/www.radiopresidenteibanez.cl\/web\/wp-json\/wp\/v2\/media\/59712"}],"wp:attachment":[{"href":"https:\/\/www.radiopresidenteibanez.cl\/web\/wp-json\/wp\/v2\/media?parent=59711"}],"wp:term":[{"taxonomy":"category","embeddable":true,"href":"https:\/\/www.radiopresidenteibanez.cl\/web\/wp-json\/wp\/v2\/categories?post=59711"},{"taxonomy":"post_tag","embeddable":true,"href":"https:\/\/www.radiopresidenteibanez.cl\/web\/wp-json\/wp\/v2\/tags?post=59711"}],"curies":[{"name":"wp","href":"https:\/\/api.w.org\/{rel}","templated":true}]}}