{"id":59708,"date":"2025-10-26T11:25:49","date_gmt":"2025-10-26T14:25:49","guid":{"rendered":"https:\/\/www.radiopresidenteibanez.cl\/web\/?p=59708"},"modified":"2025-10-26T11:26:12","modified_gmt":"2025-10-26T14:26:12","slug":"invitan-a-la-comunidad-magallanica-a-ser-parte-del-jurado-ciudadano-de-la-feria-antartica-escolar","status":"publish","type":"post","link":"https:\/\/www.radiopresidenteibanez.cl\/web\/invitan-a-la-comunidad-magallanica-a-ser-parte-del-jurado-ciudadano-de-la-feria-antartica-escolar\/","title":{"rendered":"Invitan a la comunidad magall\u00e1nica a ser parte del jurado ciudadano de la Feria Ant\u00e1rtica Escolar"},"content":{"rendered":"\n<p>Entre el 3 y el 7 de noviembre se realizar\u00e1 la <strong>XXII Feria Ant\u00e1rtica Escolar (FAE 2025)<\/strong>, organizada por el<strong> Instituto Ant\u00e1rtico Chileno (INACH)<\/strong> con el financiamiento del Ministerio de Ciencia, Tecnolog\u00eda, Conocimiento e Innovaci\u00f3n. Este certamen, \u00fanico a nivel internacional, congrega en esta versi\u00f3n a catorce equipos de estudiantes de ense\u00f1anza media provenientes de siete regiones del pa\u00eds, quienes presentar\u00e1n sus innovadoras propuestas de investigaci\u00f3n sobre tem\u00e1ticas ant\u00e1rticas.&nbsp;<\/p>\n\n\n\n<p>Los proyectos ser\u00e1n evaluados por un jurado cient\u00edfico, compuesto por investigadores e investigadoras ant\u00e1rticas, y por un jurado ciudadano, lo que permite a la comunidad participar activamente en la selecci\u00f3n de los equipos ganadores. Los tres equipos que obtengan el mayor puntaje de ambas instancias promediadas tendr\u00e1n el honor de participar en la Expedici\u00f3n Ant\u00e1rtica Escolar (EAE).&nbsp;<\/p>\n\n\n\n<p>En este contexto, el INACH invita a la comunidad magall\u00e1nica a integrar el<strong> jurado ciudadano<\/strong> de la FAE el<strong> jueves 6 de noviembre desde las 15:00 a las 19:00 horas en la sala de exposiciones de ZonAustral<\/strong>, situada en el m\u00f3dulo central del recinto frente a la pista de patinaje.<\/p>\n\n\n\n<p>Quienes deseen participar deben ser personas mayores de 18 a\u00f1os, no tener ning\u00fan v\u00ednculo con las y los participantes y encontrarse en Punta Arenas para el d\u00eda del evento (6 de noviembre). Adem\u00e1s, no es necesario pertenecer o representar a alguna agrupaci\u00f3n o instituci\u00f3n, ya que tambi\u00e9n puede ser una persona natural. La inscripci\u00f3n para el jurado ciudadano se realizar\u00e1 a trav\u00e9s del formulario disponible en: <a href=\"https:\/\/forms.gle\/RCzJiXhoFtDTNFE99\" target=\"_blank\" rel=\"noreferrer noopener\">https:\/\/forms.gle\/RCzJiXhoFtDTNFE99<\/a>.&nbsp;<\/p>\n\n\n\n<p>Constanza Jim\u00e9nez, coordinadora de la FAE 2025, realiz\u00f3 un llamado a la comunidad a sumarse a esta verdadera fiesta de la ciencia polar: \u201cQueremos que la comunidad de Magallanes sea parte de esta experiencia, que conozca de cerca c\u00f3mo las y los j\u00f3venes de nuestro pa\u00eds se vinculan con la investigaci\u00f3n ant\u00e1rtica. La mirada del p\u00fablico aporta una dimensi\u00f3n muy valiosa, porque refleja c\u00f3mo la ciencia tambi\u00e9n inspira y moviliza fuera del laboratorio. La FAE es una gran celebraci\u00f3n del conocimiento y de nuestra conexi\u00f3n con la Ant\u00e1rtica\u201d, expres\u00f3.<\/p>\n\n\n\n<p>Los equipos participantes provienen de las comunas de Copiap\u00f3, Los Andes, Quilicura, Las Condes, Providencia, Retiro, Constituci\u00f3n, Talca, Parral, Concepci\u00f3n, Chiguayante, Temuco, Villarrica y Coyhaique.&nbsp;<\/p>\n\n\n\n<p>La FAE tambi\u00e9n contar\u00e1 con stands de instituciones asociadas al quehacer ant\u00e1rtico y se efectuar\u00e1 en el marco del D\u00eda de la Ant\u00e1rtica Chilena (6 de noviembre), una fecha que pone en valor la relevancia cient\u00edfica, hist\u00f3rica y estrat\u00e9gica de este territorio para nuestro pa\u00eds.&nbsp;<\/p>\n","protected":false},"excerpt":{"rendered":"<p>Entre el 3 y el 7 de noviembre se realizar\u00e1 la XXII Feria Ant\u00e1rtica Escolar (FAE 2025), organizada por el Instituto Ant\u00e1rtico Chileno (INACH) con el financiamiento del Ministerio de&#8230; <a class=\"read-more\" href=\"https:\/\/www.radiopresidenteibanez.cl\/web\/invitan-a-la-comunidad-magallanica-a-ser-parte-del-jurado-ciudadano-de-la-feria-antartica-escolar\/\">Leer m\u00e1s<\/a><\/p>\n","protected":false},"author":2,"featured_media":59709,"comment_status":"closed","ping_status":"closed","sticky":false,"template":"","format":"standard","meta":{"footnotes":""},"categories":[1],"tags":[],"class_list":["post-59708","post","type-post","status-publish","format-standard","has-post-thumbnail","hentry","category-cronica"],"_links":{"self":[{"href":"https:\/\/www.radiopresidenteibanez.cl\/web\/wp-json\/wp\/v2\/posts\/59708","targetHints":{"allow":["GET"]}}],"collection":[{"href":"https:\/\/www.radiopresidenteibanez.cl\/web\/wp-json\/wp\/v2\/posts"}],"about":[{"href":"https:\/\/www.radiopresidenteibanez.cl\/web\/wp-json\/wp\/v2\/types\/post"}],"author":[{"embeddable":true,"href":"https:\/\/www.radiopresidenteibanez.cl\/web\/wp-json\/wp\/v2\/users\/2"}],"replies":[{"embeddable":true,"href":"https:\/\/www.radiopresidenteibanez.cl\/web\/wp-json\/wp\/v2\/comments?post=59708"}],"version-history":[{"count":0,"href":"https:\/\/www.radiopresidenteibanez.cl\/web\/wp-json\/wp\/v2\/posts\/59708\/revisions"}],"wp:featuredmedia":[{"embeddable":true,"href":"https:\/\/www.radiopresidenteibanez.cl\/web\/wp-json\/wp\/v2\/media\/59709"}],"wp:attachment":[{"href":"https:\/\/www.radiopresidenteibanez.cl\/web\/wp-json\/wp\/v2\/media?parent=59708"}],"wp:term":[{"taxonomy":"category","embeddable":true,"href":"https:\/\/www.radiopresidenteibanez.cl\/web\/wp-json\/wp\/v2\/categories?post=59708"},{"taxonomy":"post_tag","embeddable":true,"href":"https:\/\/www.radiopresidenteibanez.cl\/web\/wp-json\/wp\/v2\/tags?post=59708"}],"curies":[{"name":"wp","href":"https:\/\/api.w.org\/{rel}","templated":true}]}}