{"id":59703,"date":"2025-10-24T18:28:00","date_gmt":"2025-10-24T21:28:00","guid":{"rendered":"https:\/\/www.radiopresidenteibanez.cl\/web\/?p=59703"},"modified":"2025-10-24T11:32:02","modified_gmt":"2025-10-24T14:32:02","slug":"con-taller-participativo-comite-de-desarrollo-productivo-regional-magallanes-avanza-en-su-planificacion-estrategica","status":"publish","type":"post","link":"https:\/\/www.radiopresidenteibanez.cl\/web\/con-taller-participativo-comite-de-desarrollo-productivo-regional-magallanes-avanza-en-su-planificacion-estrategica\/","title":{"rendered":"Con taller participativo Comit\u00e9 de Desarrollo Productivo Regional Magallanes avanza en su planificaci\u00f3n estrat\u00e9gica"},"content":{"rendered":"\n<p>El encuentro form\u00f3 parte de un ciclo de tres talleres destinados a construir una propuesta consensuada de planificaci\u00f3n estrat\u00e9gica y presupuestaria para el a\u00f1o 2026, en el marco de un proceso orientado a fortalecer la coordinaci\u00f3n, el di\u00e1logo y la visi\u00f3n compartida sobre el desarrollo productivo de la regi\u00f3n.<\/p>\n\n\n\n<p>Durante la jornada, participaron consejeros titulares y suplentes del Comit\u00e9 de Desarrollo Productivo Regional &#8211; CDPR, quienes se involucraron activamente en un espacio de reflexi\u00f3n y colaboraci\u00f3n, con el objetivo de profundizar en el proceso de desarrollo productivo para la Regi\u00f3n.&nbsp; La conversaci\u00f3n se centr\u00f3 en los sectores priorizados por los propios consejeros, integrando visiones diversas y detectando oportunidades conjuntas de articulaci\u00f3n.<\/p>\n\n\n\n<p>Es importante destacar que, a trav\u00e9s del Comit\u00e9 de Desarrollo Productivo Regional, las decisiones sobre los ejes estrat\u00e9gicos y las principales prioridades se adoptan desde la propia regi\u00f3n, con la participaci\u00f3n de sus consejeros. Este hecho representa un avance significativo en la agenda de descentralizaci\u00f3n impulsada por Corfo.<\/p>\n\n\n\n<p>\u201cEl taller se consolid\u00f3 como un espacio donde los consejeros pudieron compartir sus visiones, experiencias y prioridades sobre el desarrollo productivo de Magallanes\u201d, se\u00f1al\u00f3 Mar\u00eda Jos\u00e9 Navajas, directora ejecutiva del Comit\u00e9, quien, adem\u00e1s, destac\u00f3 el valor del trabajo colaborativo y participativo de los consejeros.<\/p>\n\n\n\n<p><strong>Taller participativo<\/strong><\/p>\n\n\n\n<p>El taller contempl\u00f3 diversas ponencias que culminaron con un espacio participativo de an\u00e1lisis y di\u00e1logo entre los asistentes. En la ocasi\u00f3n, El\u00edas Eltit, profesional de la Subdirecci\u00f3n de An\u00e1lisis y Data Territorial de Corfo, present\u00f3 un an\u00e1lisis sobre el estado actual de los sectores econ\u00f3micos de la regi\u00f3n, aportando informaci\u00f3n para la planificaci\u00f3n estrat\u00e9gica.<\/p>\n\n\n\n<p>Asimismo, desde el Gobierno Regional, Pedro Ossand\u00f3n, jefe de la Divisi\u00f3n de Fomento e Industria (DIFOIN), y Felipe Mart\u00ednez, jefe de Fomento de INDAP regional, expusieron las principales acciones que ambas instituciones desarrollan en torno a los ejes productivos del Comit\u00e9. Sus intervenciones tuvieron como prop\u00f3sito identificar \u00e1reas de trabajo conjunto y complementariedades que contribuyan al impulso del desarrollo econ\u00f3mico regional.<\/p>\n\n\n\n<p>El encuentro concluy\u00f3 con la proyecci\u00f3n de un segundo taller, programado para el 13 de noviembre, instancia en la que se avanzar\u00e1 hacia la formulaci\u00f3n de una propuesta de ejes estrat\u00e9gicos y distribuci\u00f3n presupuestaria para 2026. Dicha propuesta ser\u00e1 presentada para su aprobaci\u00f3n ante el Consejo Directivo del Comit\u00e9 de Desarrollo Productivo Regional (CDPR) en el pleno previsto para diciembre de 2025.<\/p>\n","protected":false},"excerpt":{"rendered":"<p>El encuentro form\u00f3 parte de un ciclo de tres talleres destinados a construir una propuesta consensuada de planificaci\u00f3n estrat\u00e9gica y presupuestaria para el a\u00f1o 2026, en el marco de un&#8230; <a class=\"read-more\" href=\"https:\/\/www.radiopresidenteibanez.cl\/web\/con-taller-participativo-comite-de-desarrollo-productivo-regional-magallanes-avanza-en-su-planificacion-estrategica\/\">Leer m\u00e1s<\/a><\/p>\n","protected":false},"author":2,"featured_media":59704,"comment_status":"closed","ping_status":"closed","sticky":false,"template":"","format":"standard","meta":{"footnotes":""},"categories":[1],"tags":[],"class_list":["post-59703","post","type-post","status-publish","format-standard","has-post-thumbnail","hentry","category-cronica"],"_links":{"self":[{"href":"https:\/\/www.radiopresidenteibanez.cl\/web\/wp-json\/wp\/v2\/posts\/59703","targetHints":{"allow":["GET"]}}],"collection":[{"href":"https:\/\/www.radiopresidenteibanez.cl\/web\/wp-json\/wp\/v2\/posts"}],"about":[{"href":"https:\/\/www.radiopresidenteibanez.cl\/web\/wp-json\/wp\/v2\/types\/post"}],"author":[{"embeddable":true,"href":"https:\/\/www.radiopresidenteibanez.cl\/web\/wp-json\/wp\/v2\/users\/2"}],"replies":[{"embeddable":true,"href":"https:\/\/www.radiopresidenteibanez.cl\/web\/wp-json\/wp\/v2\/comments?post=59703"}],"version-history":[{"count":0,"href":"https:\/\/www.radiopresidenteibanez.cl\/web\/wp-json\/wp\/v2\/posts\/59703\/revisions"}],"wp:featuredmedia":[{"embeddable":true,"href":"https:\/\/www.radiopresidenteibanez.cl\/web\/wp-json\/wp\/v2\/media\/59704"}],"wp:attachment":[{"href":"https:\/\/www.radiopresidenteibanez.cl\/web\/wp-json\/wp\/v2\/media?parent=59703"}],"wp:term":[{"taxonomy":"category","embeddable":true,"href":"https:\/\/www.radiopresidenteibanez.cl\/web\/wp-json\/wp\/v2\/categories?post=59703"},{"taxonomy":"post_tag","embeddable":true,"href":"https:\/\/www.radiopresidenteibanez.cl\/web\/wp-json\/wp\/v2\/tags?post=59703"}],"curies":[{"name":"wp","href":"https:\/\/api.w.org\/{rel}","templated":true}]}}