{"id":59700,"date":"2025-10-24T17:21:00","date_gmt":"2025-10-24T20:21:00","guid":{"rendered":"https:\/\/www.radiopresidenteibanez.cl\/web\/?p=59700"},"modified":"2025-10-24T11:23:22","modified_gmt":"2025-10-24T14:23:22","slug":"umag-invita-a-la-tercera-version-de-la-feria-de-innovacion-fiumag-2025","status":"publish","type":"post","link":"https:\/\/www.radiopresidenteibanez.cl\/web\/umag-invita-a-la-tercera-version-de-la-feria-de-innovacion-fiumag-2025\/","title":{"rendered":"UMAG invita a la tercera versi\u00f3n de la Feria de Innovaci\u00f3n FIUMAG 2025"},"content":{"rendered":"\n<p>Este pr\u00f3ximo mi\u00e9rcoles 29 y jueves 30 octubre tendr\u00e1 lugar la tercera versi\u00f3n de la&nbsp;<strong>Feria de Innovaci\u00f3n FIUMAG 2025<\/strong>, evento organizado por la Direcci\u00f3n de Innovaci\u00f3n y Transferencia de la Universidad de Magallanes (UMAG). La feria busca consolidarse como un espacio de encuentro entre la academia, las empresas y la comunidad regional.<\/p>\n\n\n\n<p>FIUMAG 2025 se realizar\u00e1 en el Patio Cubierto de las Facultades de Ingenier\u00eda y de Ciencias, entre las 09:00 y las 17:30 horas del mi\u00e9rcoles y 09.00 y 13.00 horas del jueves, y reunir\u00e1 a pymes regionales, emprendimientos tecnol\u00f3gicos, grupos de investigaci\u00f3n y representantes del sector productivo, quienes presentar\u00e1n sus iniciativas en ciencia, tecnolog\u00eda e innovaci\u00f3n.<\/p>\n\n\n\n<p>El acad\u00e9mico&nbsp;<strong>Sergio Radic Schilling<\/strong>, director de Innovaci\u00f3n y Transferencia de la UMAG, destac\u00f3 que FIUMAG se ha posicionado como una vitrina para mostrar el talento y la creatividad que surgen desde la Regi\u00f3n de Magallanes, abriendo oportunidades de colaboraci\u00f3n entre distintos sectores.<\/p>\n\n\n\n<p>\u201cPara esta versi\u00f3n- enfatiz\u00f3 Radic- la feria tendr\u00e1 una variada muestra del diverso ecosistema innovador regional. Se contar\u00e1 con la presencia de empresas tecnol\u00f3gicas, emprendimientos sostenibles, divulgaci\u00f3n cient\u00edfica, educaci\u00f3n, ONGS, proyectos de estudiantes de educaci\u00f3n media y b\u00e1sica, arte e iniciativas internas de la Universidad\u201d<\/p>\n\n\n\n<p>Adem\u00e1s de las exposiciones, la&nbsp;<strong>FIUMAG 2025<\/strong>&nbsp;contar\u00e1 con&nbsp;<strong>charlas tem\u00e1ticas, muestras de prototipos, actividades estudiantiles y concursos<\/strong>, buscando inspirar nuevas ideas y fortalecer el v\u00ednculo entre la investigaci\u00f3n aplicada y las necesidades del territorio.<\/p>\n\n\n\n<p>La entrada al evento es liberada y la invitaci\u00f3n es extensiva a toda la comunidad magall\u00e1nica.&nbsp;<\/p>\n","protected":false},"excerpt":{"rendered":"<p>Este pr\u00f3ximo mi\u00e9rcoles 29 y jueves 30 octubre tendr\u00e1 lugar la tercera versi\u00f3n de la&nbsp;Feria de Innovaci\u00f3n FIUMAG 2025, evento organizado por la Direcci\u00f3n de Innovaci\u00f3n y Transferencia de la&#8230; <a class=\"read-more\" href=\"https:\/\/www.radiopresidenteibanez.cl\/web\/umag-invita-a-la-tercera-version-de-la-feria-de-innovacion-fiumag-2025\/\">Leer m\u00e1s<\/a><\/p>\n","protected":false},"author":2,"featured_media":59701,"comment_status":"closed","ping_status":"closed","sticky":false,"template":"","format":"standard","meta":{"footnotes":""},"categories":[1],"tags":[],"class_list":["post-59700","post","type-post","status-publish","format-standard","has-post-thumbnail","hentry","category-cronica"],"_links":{"self":[{"href":"https:\/\/www.radiopresidenteibanez.cl\/web\/wp-json\/wp\/v2\/posts\/59700","targetHints":{"allow":["GET"]}}],"collection":[{"href":"https:\/\/www.radiopresidenteibanez.cl\/web\/wp-json\/wp\/v2\/posts"}],"about":[{"href":"https:\/\/www.radiopresidenteibanez.cl\/web\/wp-json\/wp\/v2\/types\/post"}],"author":[{"embeddable":true,"href":"https:\/\/www.radiopresidenteibanez.cl\/web\/wp-json\/wp\/v2\/users\/2"}],"replies":[{"embeddable":true,"href":"https:\/\/www.radiopresidenteibanez.cl\/web\/wp-json\/wp\/v2\/comments?post=59700"}],"version-history":[{"count":0,"href":"https:\/\/www.radiopresidenteibanez.cl\/web\/wp-json\/wp\/v2\/posts\/59700\/revisions"}],"wp:featuredmedia":[{"embeddable":true,"href":"https:\/\/www.radiopresidenteibanez.cl\/web\/wp-json\/wp\/v2\/media\/59701"}],"wp:attachment":[{"href":"https:\/\/www.radiopresidenteibanez.cl\/web\/wp-json\/wp\/v2\/media?parent=59700"}],"wp:term":[{"taxonomy":"category","embeddable":true,"href":"https:\/\/www.radiopresidenteibanez.cl\/web\/wp-json\/wp\/v2\/categories?post=59700"},{"taxonomy":"post_tag","embeddable":true,"href":"https:\/\/www.radiopresidenteibanez.cl\/web\/wp-json\/wp\/v2\/tags?post=59700"}],"curies":[{"name":"wp","href":"https:\/\/api.w.org\/{rel}","templated":true}]}}