{"id":59694,"date":"2025-10-24T14:21:00","date_gmt":"2025-10-24T17:21:00","guid":{"rendered":"https:\/\/www.radiopresidenteibanez.cl\/web\/?p=59694"},"modified":"2025-10-24T11:15:23","modified_gmt":"2025-10-24T14:15:23","slug":"san-gregorio-celebra-su-46-aniversario-con-un-gran-festival-costumbrista-cultural-este-sabado","status":"publish","type":"post","link":"https:\/\/www.radiopresidenteibanez.cl\/web\/san-gregorio-celebra-su-46-aniversario-con-un-gran-festival-costumbrista-cultural-este-sabado\/","title":{"rendered":"San Gregorio celebra su 46\u00b0 Aniversario con un gran Festival Costumbrista Cultural este s\u00e1bado"},"content":{"rendered":"\n<p>En el marco del&nbsp;<strong>46\u00b0 Aniversario de la comuna de San Gregorio<\/strong>, la Ilustre Municipalidad invita a vecinas, vecinos y visitantes a participar del&nbsp;<strong>Festival Costumbrista Cultural<\/strong>, que se realizar\u00e1 este&nbsp;<strong>s\u00e1bado 25 de octubre desde las 12:00 hrs.<\/strong>&nbsp;en el&nbsp;<strong>Camping Municipal de San Gregorio<\/strong>, en la regi\u00f3n de Magallanes y Ant\u00e1rtica Chilena. La actividad ser\u00e1&nbsp;<strong>totalmente gratuita<\/strong>&nbsp;y abierta a toda la comunidad.<\/p>\n\n\n\n<p>El evento ofrecer\u00e1 una jornada llena de tradiciones, m\u00fasica y sabores t\u00edpicos, con actividades pensadas para todas las edades. Entre los atractivos se incluye el concurso gastron\u00f3mico&nbsp;<strong>\u201cMejor Chulengueada 2025\u201d<\/strong>, adem\u00e1s de&nbsp;<strong>stands de ventas, juegos infantiles y presentaciones art\u00edsticas<\/strong>&nbsp;que se extender\u00e1n durante todo el d\u00eda.<\/p>\n\n\n\n<p>El programa contempla una variada parrilla de espect\u00e1culos (horas aproximadas):<\/p>\n\n\n\n<ul class=\"wp-block-list\">\n<li><strong>12:00 hrs.<\/strong>\u00a0\u2013 Inauguraci\u00f3n oficial<\/li>\n\n\n\n<li><strong>12:30 hrs.<\/strong>\u00a0\u2013 Show infantil<\/li>\n\n\n\n<li><strong>14:00 hrs.<\/strong>\u00a0\u2013\u00a0<strong>A Los 4 Vientos (AL4V)<\/strong>, banda referente del nuevo folclor chileno, reconocida por su estilo que fusiona cueca y m\u00fasica popular.<\/li>\n\n\n\n<li><strong>15:30 hrs.<\/strong>\u00a0\u2013\u00a0<strong>Los Inestables<\/strong>, banda juvenil de Puerto Natales con un repertorio que revive grandes \u00e9xitos de los 80, 90 y 2000.<\/li>\n\n\n\n<li><strong>18:00 hrs.<\/strong>\u00a0\u2013\u00a0<strong>Kramer \u2013 El Concierto<\/strong>, espect\u00e1culo de humor e imitaciones a cargo del reconocido comediante chileno\u00a0<strong>Stefan Kramer<\/strong>.<\/li>\n\n\n\n<li><strong>20:00 hrs.<\/strong>\u00a0\u2013\u00a0<strong>Jet Set Soda<\/strong>, banda tributo a\u00a0<strong>Soda Stereo y Gustavo Cerati<\/strong>.<\/li>\n\n\n\n<li><strong>22:00 hrs.<\/strong>\u00a0\u2013\u00a0<strong>Agrupaci\u00f3n Marilyn<\/strong>, grupo argentino de cumbia rom\u00e1ntica que pondr\u00e1 el broche final a la jornada.<\/li>\n<\/ul>\n\n\n\n<p>Durante todo el mes de octubre, la Ilustre Municipalidad de San Gregorio ha desarrollado&nbsp;<strong>m\u00faltiples actividades culturales, deportivas y recreativas<\/strong>&nbsp;como parte de la conmemoraci\u00f3n del aniversario comunal. Entre ellas se destacan el Campeonato Juvenil de Cueca, clases de GAP y Baile Fitness, talleres de yoga, encuentros atemporales, tardes deportivas y recreativas, y cl\u00ednica y campeonato de v\u00f3leibol mixto.<\/p>\n\n\n\n<p>El&nbsp;<strong>Festival Costumbrista Cultural<\/strong>&nbsp;marcar\u00e1 el&nbsp;<strong>cierre de las celebraciones del 46\u00b0 aniversario de San Gregorio<\/strong>, al ser un espacio de encuentro comunitario que pone en valor las tradiciones locales, la identidad regional y el esp\u00edritu participativo de San Gregorio.<\/p>\n","protected":false},"excerpt":{"rendered":"<p>En el marco del&nbsp;46\u00b0 Aniversario de la comuna de San Gregorio, la Ilustre Municipalidad invita a vecinas, vecinos y visitantes a participar del&nbsp;Festival Costumbrista Cultural, que se realizar\u00e1 este&nbsp;s\u00e1bado 25&#8230; <a class=\"read-more\" href=\"https:\/\/www.radiopresidenteibanez.cl\/web\/san-gregorio-celebra-su-46-aniversario-con-un-gran-festival-costumbrista-cultural-este-sabado\/\">Leer m\u00e1s<\/a><\/p>\n","protected":false},"author":2,"featured_media":59695,"comment_status":"closed","ping_status":"closed","sticky":false,"template":"","format":"standard","meta":{"footnotes":""},"categories":[1],"tags":[],"class_list":["post-59694","post","type-post","status-publish","format-standard","has-post-thumbnail","hentry","category-cronica"],"_links":{"self":[{"href":"https:\/\/www.radiopresidenteibanez.cl\/web\/wp-json\/wp\/v2\/posts\/59694","targetHints":{"allow":["GET"]}}],"collection":[{"href":"https:\/\/www.radiopresidenteibanez.cl\/web\/wp-json\/wp\/v2\/posts"}],"about":[{"href":"https:\/\/www.radiopresidenteibanez.cl\/web\/wp-json\/wp\/v2\/types\/post"}],"author":[{"embeddable":true,"href":"https:\/\/www.radiopresidenteibanez.cl\/web\/wp-json\/wp\/v2\/users\/2"}],"replies":[{"embeddable":true,"href":"https:\/\/www.radiopresidenteibanez.cl\/web\/wp-json\/wp\/v2\/comments?post=59694"}],"version-history":[{"count":0,"href":"https:\/\/www.radiopresidenteibanez.cl\/web\/wp-json\/wp\/v2\/posts\/59694\/revisions"}],"wp:featuredmedia":[{"embeddable":true,"href":"https:\/\/www.radiopresidenteibanez.cl\/web\/wp-json\/wp\/v2\/media\/59695"}],"wp:attachment":[{"href":"https:\/\/www.radiopresidenteibanez.cl\/web\/wp-json\/wp\/v2\/media?parent=59694"}],"wp:term":[{"taxonomy":"category","embeddable":true,"href":"https:\/\/www.radiopresidenteibanez.cl\/web\/wp-json\/wp\/v2\/categories?post=59694"},{"taxonomy":"post_tag","embeddable":true,"href":"https:\/\/www.radiopresidenteibanez.cl\/web\/wp-json\/wp\/v2\/tags?post=59694"}],"curies":[{"name":"wp","href":"https:\/\/api.w.org\/{rel}","templated":true}]}}