{"id":59691,"date":"2025-10-24T09:46:00","date_gmt":"2025-10-24T12:46:00","guid":{"rendered":"https:\/\/www.radiopresidenteibanez.cl\/web\/?p=59691"},"modified":"2025-10-24T11:12:50","modified_gmt":"2025-10-24T14:12:50","slug":"boletin-informativo-orbe-100","status":"publish","type":"post","link":"https:\/\/www.radiopresidenteibanez.cl\/web\/boletin-informativo-orbe-100\/","title":{"rendered":"Boletin Informativo ORBE"},"content":{"rendered":"\n<p>SANTIAGO.- El ministro de Seguridad P\u00fablica, Luis Cordero,<br>se\u00f1al\u00f3 que existen tel\u00e9fonos celulares de reos que no han<br>sido intervenidos por fines estrat\u00e9gicos, tanto en la<br>investigaci\u00f3n penal como carcelaria. Sin embargo, no descart\u00f3<br>\u00abingresos irregulares\u00bb de aparatos en las c\u00e1rceles, y que \u00abla<br>inhibici\u00f3n es un combate diario porque implica ir detectando<br>diariamente aparatos o, por otro lado, se\u00f1ales que ingresan<br>al establecimiento penitenciario\u00bb.<\/p>\n\n\n\n<p>SANTIAGO.- El ministro de Educaci\u00f3n, Nicol\u00e1s Cataldo,<br>respondi\u00f3 las cr\u00edticas del alcalde de Santiago Mario<br>Desbordes sobre la violencia en liceos emblem\u00e1ticos diciendo<br>que este trata de \u00abendosar pol\u00edticamente, en contexto<br>electoral, una cierta responsabilidad en m\u00ed como ministro\u00bb, y<br>que eso \u00abno va a ayudar en nada a que se resuelva el<br>problema\u00bb. En esa l\u00ednea, invit\u00f3 al alcalde a que \u00absiga<br>trabajando en colaboraci\u00f3n con el Ministerio P\u00fablico y el<br>Mineduc\u00bb.<\/p>\n\n\n\n<p>SANTIAGO.- El candidato presidencial independiente Harold<br>Mayne-Nicholls se refiri\u00f3 a la aparici\u00f3n del ext\u00e9cnico de la<br>selecci\u00f3n chilena Marcelo Bielsa en la franja electoral, y<br>asegur\u00f3 que cont\u00f3 con la aprobaci\u00f3n del rosarino para usar su<br>voz en la campa\u00f1a televisada. \u00abLe dije que quer\u00eda<br>incorporarlo en la franja. &#8216;Por supuesto&#8217;, me dijo, &#8216;ning\u00fan<br>problema'\u00bb, coment\u00f3 el otrora presidente de la ANFP,<br>expresando que \u00abnos une una historia de respeto, confianza y<br>un valor que compartimos: la integridad\u00bb.<\/p>\n\n\n\n<p>CA\u00d1ETE.- La PDI inform\u00f3 la detenci\u00f3n del imputado n\u00famero 21<br>por el atentado contra el Molino Grollmus, hecho perpetrado<br>el 29 de agosto de 2022 en la comuna de Contulmo, Regi\u00f3n del<br>Biob\u00edo. Personal policial y de la Armada concretaron la<br>aprehensi\u00f3n del sujeto por su presunta participaci\u00f3n en el<br>ataque, que llegar\u00e1 este viernes al Juzgado de Garant\u00eda de<br>Ca\u00f1ete a efecto de su control de detenci\u00f3n y posterior<br>formalizaci\u00f3n.<\/p>\n","protected":false},"excerpt":{"rendered":"<p>SANTIAGO.- El ministro de Seguridad P\u00fablica, Luis Cordero,se\u00f1al\u00f3 que existen tel\u00e9fonos celulares de reos que no hansido intervenidos por fines estrat\u00e9gicos, tanto en lainvestigaci\u00f3n penal como carcelaria. Sin embargo, no&#8230; <a class=\"read-more\" href=\"https:\/\/www.radiopresidenteibanez.cl\/web\/boletin-informativo-orbe-100\/\">Leer m\u00e1s<\/a><\/p>\n","protected":false},"author":2,"featured_media":59692,"comment_status":"closed","ping_status":"closed","sticky":false,"template":"","format":"standard","meta":{"footnotes":""},"categories":[1],"tags":[],"class_list":["post-59691","post","type-post","status-publish","format-standard","has-post-thumbnail","hentry","category-cronica"],"_links":{"self":[{"href":"https:\/\/www.radiopresidenteibanez.cl\/web\/wp-json\/wp\/v2\/posts\/59691","targetHints":{"allow":["GET"]}}],"collection":[{"href":"https:\/\/www.radiopresidenteibanez.cl\/web\/wp-json\/wp\/v2\/posts"}],"about":[{"href":"https:\/\/www.radiopresidenteibanez.cl\/web\/wp-json\/wp\/v2\/types\/post"}],"author":[{"embeddable":true,"href":"https:\/\/www.radiopresidenteibanez.cl\/web\/wp-json\/wp\/v2\/users\/2"}],"replies":[{"embeddable":true,"href":"https:\/\/www.radiopresidenteibanez.cl\/web\/wp-json\/wp\/v2\/comments?post=59691"}],"version-history":[{"count":0,"href":"https:\/\/www.radiopresidenteibanez.cl\/web\/wp-json\/wp\/v2\/posts\/59691\/revisions"}],"wp:featuredmedia":[{"embeddable":true,"href":"https:\/\/www.radiopresidenteibanez.cl\/web\/wp-json\/wp\/v2\/media\/59692"}],"wp:attachment":[{"href":"https:\/\/www.radiopresidenteibanez.cl\/web\/wp-json\/wp\/v2\/media?parent=59691"}],"wp:term":[{"taxonomy":"category","embeddable":true,"href":"https:\/\/www.radiopresidenteibanez.cl\/web\/wp-json\/wp\/v2\/categories?post=59691"},{"taxonomy":"post_tag","embeddable":true,"href":"https:\/\/www.radiopresidenteibanez.cl\/web\/wp-json\/wp\/v2\/tags?post=59691"}],"curies":[{"name":"wp","href":"https:\/\/api.w.org\/{rel}","templated":true}]}}