{"id":59688,"date":"2025-10-24T12:55:00","date_gmt":"2025-10-24T15:55:00","guid":{"rendered":"https:\/\/www.radiopresidenteibanez.cl\/web\/?p=59688"},"modified":"2025-10-24T11:07:33","modified_gmt":"2025-10-24T14:07:33","slug":"sercotec-reconoce-el-esfuerzo-y-certifica-a-116-beneficiarios-del-presente-ano-en-concurridas-ceremonias","status":"publish","type":"post","link":"https:\/\/www.radiopresidenteibanez.cl\/web\/sercotec-reconoce-el-esfuerzo-y-certifica-a-116-beneficiarios-del-presente-ano-en-concurridas-ceremonias\/","title":{"rendered":"Sercotec reconoce el esfuerzo y certifica a 116 beneficiarios del presente a\u00f1o en concurridas ceremonias"},"content":{"rendered":"\n<p>En el marco del desarrollo de la Semana de las MiPymes y Cooperativas 2025 y en doble<br>jornada, la direcci\u00f3n regional de Sercotec, mediante su directora, Natasha Alarc\u00f3n, llev\u00f3 a<br>cabo dos concurridas ceremonias en que beneficiarios de distintos programas de fomento,<br>recibieron el importante reconocimiento al esfuerzo por parte del organismo dependiente<br>del Ministerio de Econom\u00eda, Fomento y Turismo. Las instancias se desarrollaron tanto en la<br>capital provincial de \u00daltima Esperanza, Puerto Natales y la capital regional, Punta Arenas.<br>Es as\u00ed que 116 beneficiarios fueron reconocidos, recibiendo un certificado que los acredita<br>como adjudicadores de los programas que les permite acceder a importante capital cuyo<br>prop\u00f3sito es iniciar y\/o potenciar sus negocios.<br>Las ceremonias se iniciaron con sentidas palabras de Natasha Alarc\u00f3n, directora regional<br>de Sercotec, quien dio su impresi\u00f3n de este significativo momento, tanto para los<br>beneficiarios, as\u00ed como tambi\u00e9n para Sercotec.<br>\u201cEn estas ceremonias hemos reconocido como ganadores y felicitamos el esfuerzo de cada<br>uno de los beneficiarios en postular a nuestros programas, que se concretan por medio de<br>nuestros instrumentos de fomento. De igual modo, es importante reconocerlos, sobre todo<br>considerando que el proceso de postulaci\u00f3n y selecci\u00f3n no es f\u00e1cil, m\u00e1s a\u00fan si recibimos<br>cerca de 300 a 400 postulaciones en cada programa, de las cuales s\u00f3lo beneficiamos a 30 a<br>40, es decir, el 10%\u201d, indic\u00f3 la directora.<br>Karen C\u00e1rcamo, artesana y emprendedora, propietaria de Crosospat, dedicada a crear<br>dise\u00f1os \u00fanicos de paisajes de Magallanes, tejidos a crochet, represent\u00f3 a nuestra regi\u00f3n<br>como \u201cempresa destacada\u201d, recientemente en una ceremonia de reconocimiento<br>efectuada en Santiago, organizada por Sercotec. Este reconocimiento no ser\u00eda posible sin el<br>apoyo fundamental del Centro de Negocios de Punta Arenas, junto a mi ejecutivo Luis<br>Barrera; tambi\u00e9n agradecer a la directora de Sercotec, Natasha Alarc\u00f3n por todo el apoyo<br>brindado; tambi\u00e9n agradecer a Fosis Magallanes junto a su director Felipe Jeria por su<br>apoyo brindado y tambi\u00e9n a INACH, por estar trabajando conmigo junto a las Antartikanas\u201d.<\/p>\n\n\n\n<p>Por su parte, Roberto Guti\u00e9rrez, socio fundador de Aguas Nozomu, dio a conocer su<br>experiencia que tuvo con apoyo del programa Crece, al comentar que \u201cEs una instancia<br>maravillosa, ya que con estos fondos uno puede hacer cosas que es muy dif\u00edcil llevar a cabo<br>con un presupuesto que siempre es peque\u00f1o y cuando tenemos estos recursos tratamos de<br>aprovecharlos al m\u00e1ximo, hacer crecer la empresa y entregar un mejor servicio a nuestros<br>clientes\u201d.<br>La Semana de las MiPymes y Cooperativas busca acercar al ecosistema emprendedor a los<br>distintos instrumentos de fomento disponibles, como programas, subsidios y asesor\u00edas, que<br>permiten fortalecer y potenciar sus negocios.<\/p>\n","protected":false},"excerpt":{"rendered":"<p>En el marco del desarrollo de la Semana de las MiPymes y Cooperativas 2025 y en doblejornada, la direcci\u00f3n regional de Sercotec, mediante su directora, Natasha Alarc\u00f3n, llev\u00f3 acabo dos&#8230; <a class=\"read-more\" href=\"https:\/\/www.radiopresidenteibanez.cl\/web\/sercotec-reconoce-el-esfuerzo-y-certifica-a-116-beneficiarios-del-presente-ano-en-concurridas-ceremonias\/\">Leer m\u00e1s<\/a><\/p>\n","protected":false},"author":2,"featured_media":59689,"comment_status":"closed","ping_status":"closed","sticky":false,"template":"","format":"standard","meta":{"footnotes":""},"categories":[1],"tags":[],"class_list":["post-59688","post","type-post","status-publish","format-standard","has-post-thumbnail","hentry","category-cronica"],"_links":{"self":[{"href":"https:\/\/www.radiopresidenteibanez.cl\/web\/wp-json\/wp\/v2\/posts\/59688","targetHints":{"allow":["GET"]}}],"collection":[{"href":"https:\/\/www.radiopresidenteibanez.cl\/web\/wp-json\/wp\/v2\/posts"}],"about":[{"href":"https:\/\/www.radiopresidenteibanez.cl\/web\/wp-json\/wp\/v2\/types\/post"}],"author":[{"embeddable":true,"href":"https:\/\/www.radiopresidenteibanez.cl\/web\/wp-json\/wp\/v2\/users\/2"}],"replies":[{"embeddable":true,"href":"https:\/\/www.radiopresidenteibanez.cl\/web\/wp-json\/wp\/v2\/comments?post=59688"}],"version-history":[{"count":0,"href":"https:\/\/www.radiopresidenteibanez.cl\/web\/wp-json\/wp\/v2\/posts\/59688\/revisions"}],"wp:featuredmedia":[{"embeddable":true,"href":"https:\/\/www.radiopresidenteibanez.cl\/web\/wp-json\/wp\/v2\/media\/59689"}],"wp:attachment":[{"href":"https:\/\/www.radiopresidenteibanez.cl\/web\/wp-json\/wp\/v2\/media?parent=59688"}],"wp:term":[{"taxonomy":"category","embeddable":true,"href":"https:\/\/www.radiopresidenteibanez.cl\/web\/wp-json\/wp\/v2\/categories?post=59688"},{"taxonomy":"post_tag","embeddable":true,"href":"https:\/\/www.radiopresidenteibanez.cl\/web\/wp-json\/wp\/v2\/tags?post=59688"}],"curies":[{"name":"wp","href":"https:\/\/api.w.org\/{rel}","templated":true}]}}