{"id":59685,"date":"2025-10-24T11:53:00","date_gmt":"2025-10-24T14:53:00","guid":{"rendered":"https:\/\/www.radiopresidenteibanez.cl\/web\/?p=59685"},"modified":"2025-10-24T10:19:56","modified_gmt":"2025-10-24T13:19:56","slug":"programa-red-local-de-apoyos-y-cuidados-aumentara-un-44-su-presupuesto-en-cabo-de-hornos","status":"publish","type":"post","link":"https:\/\/www.radiopresidenteibanez.cl\/web\/programa-red-local-de-apoyos-y-cuidados-aumentara-un-44-su-presupuesto-en-cabo-de-hornos\/","title":{"rendered":"Programa Red Local de Apoyos y Cuidados aumentar\u00e1 un 44% su presupuesto en Cabo de Hornos"},"content":{"rendered":"\n<p>En el marco de su visita a la comuna de Cabo de Hornos, el Secretario Regional Ministerial de Desarrollo Social y Familia, Danilo Mimica, se reuni\u00f3 con el Alcalde Patricio Fern\u00e1ndez y la Delegada Presidencial Provincial de Ant\u00e1rtica Chilena, Constanza Calisto, para anunciar que el programa Red Local de Apoyos y Cuidados (RLAC), aumentar\u00e1 su presupuesto en un 44,3% para incorporar a nuevos usuarios y llegar a m\u00e1s familias que requieren apoyo en situaciones de dependencia severa y moderada.<\/p>\n\n\n\n<p>Este programa perteneciente al Ministerio de Desarrollo Social y Familia es ejecutado en los territorios por los municipios, con el objetivo de contribuir a que las personas en situaci\u00f3n de dependencia funcional mantengan o mejoren el desarrollo de las actividades b\u00e1sicas de la vida diaria, y la vez, que sus personas cuidadoras no remuneradas mantengan o disminuyan el nivel de sobrecarga.<\/p>\n\n\n\n<p>El Seremi Danilo Mimica explic\u00f3 que \u201ccuando asumimos como Gobierno, este programa se encontraba presente solo en las comunas de Natales y Cabo de Hornos, as\u00ed que decidimos implementarlo tambi\u00e9n en Punta Arenas, Torres del Paine, San Gregorio, y Porvenir, porque creemos que ante la crisis de cuidados que enfrentamos como pa\u00eds, debido al acelerado envejecimiento de la poblaci\u00f3n y a una ca\u00edda de nacimientos, es necesario contar con una oferta p\u00fablica descentralizada. Durante este 2025, el programa triplic\u00f3 su presupuesto en la regi\u00f3n, lo que nos est\u00e1 permitiendo entregar una atenci\u00f3n integral a m\u00e1s de 500 diadas, concepto utilizado para referirse a la dupla conformada entre la persona que cuida y quien recibe el cuidado\u201d.<\/p>\n\n\n\n<p>A su vez, el Alcalde Patricio Fern\u00e1ndez, se\u00f1al\u00f3 que \u201cgracias a este aumento de cobertura pasamos de 15 a 29 diadas, logrado llegar a m\u00e1s vecinas y vecinos que necesitan apoyo, y esto sin duda refleja el compromiso que tenemos como municipio con el bienestar y la inclusi\u00f3n. Este convenio que firmamos en la visita del Seremi a Puerto Williams no solo permite fortalecer el trabajo que ya realizamos, sino tambi\u00e9n complementar las atenciones que brinda el hospital comunitario y su equipo de profesionales. Seguiremos trabajando para que m\u00e1s personas y familias puedan mejorar su calidad de vida en nuestra comuna\u201d.<\/p>\n\n\n\n<p>Por su parte, Lorena Trivi\u00f1o, usuaria del programa Red Local de Apoyos y Cuidados se\u00f1al\u00f3 \u201cMe he sentido muy apoyada.&nbsp; Este programa ha sido muy importante en mi rehabilitaci\u00f3n, especialmente la parte de kinesiolog\u00eda. Realmente estoy muy agradecida de que este programa me haya aceptado\u201d.<\/p>\n","protected":false},"excerpt":{"rendered":"<p>En el marco de su visita a la comuna de Cabo de Hornos, el Secretario Regional Ministerial de Desarrollo Social y Familia, Danilo Mimica, se reuni\u00f3 con el Alcalde Patricio&#8230; <a class=\"read-more\" href=\"https:\/\/www.radiopresidenteibanez.cl\/web\/programa-red-local-de-apoyos-y-cuidados-aumentara-un-44-su-presupuesto-en-cabo-de-hornos\/\">Leer m\u00e1s<\/a><\/p>\n","protected":false},"author":2,"featured_media":59686,"comment_status":"closed","ping_status":"closed","sticky":false,"template":"","format":"standard","meta":{"footnotes":""},"categories":[1],"tags":[],"class_list":["post-59685","post","type-post","status-publish","format-standard","has-post-thumbnail","hentry","category-cronica"],"_links":{"self":[{"href":"https:\/\/www.radiopresidenteibanez.cl\/web\/wp-json\/wp\/v2\/posts\/59685","targetHints":{"allow":["GET"]}}],"collection":[{"href":"https:\/\/www.radiopresidenteibanez.cl\/web\/wp-json\/wp\/v2\/posts"}],"about":[{"href":"https:\/\/www.radiopresidenteibanez.cl\/web\/wp-json\/wp\/v2\/types\/post"}],"author":[{"embeddable":true,"href":"https:\/\/www.radiopresidenteibanez.cl\/web\/wp-json\/wp\/v2\/users\/2"}],"replies":[{"embeddable":true,"href":"https:\/\/www.radiopresidenteibanez.cl\/web\/wp-json\/wp\/v2\/comments?post=59685"}],"version-history":[{"count":0,"href":"https:\/\/www.radiopresidenteibanez.cl\/web\/wp-json\/wp\/v2\/posts\/59685\/revisions"}],"wp:featuredmedia":[{"embeddable":true,"href":"https:\/\/www.radiopresidenteibanez.cl\/web\/wp-json\/wp\/v2\/media\/59686"}],"wp:attachment":[{"href":"https:\/\/www.radiopresidenteibanez.cl\/web\/wp-json\/wp\/v2\/media?parent=59685"}],"wp:term":[{"taxonomy":"category","embeddable":true,"href":"https:\/\/www.radiopresidenteibanez.cl\/web\/wp-json\/wp\/v2\/categories?post=59685"},{"taxonomy":"post_tag","embeddable":true,"href":"https:\/\/www.radiopresidenteibanez.cl\/web\/wp-json\/wp\/v2\/tags?post=59685"}],"curies":[{"name":"wp","href":"https:\/\/api.w.org\/{rel}","templated":true}]}}