{"id":59678,"date":"2025-10-24T09:36:52","date_gmt":"2025-10-24T12:36:52","guid":{"rendered":"https:\/\/www.radiopresidenteibanez.cl\/web\/?p=59678"},"modified":"2025-10-24T09:45:30","modified_gmt":"2025-10-24T12:45:30","slug":"segundo-seminario-de-ciencias-forenses-marca-hito-para-sistema-de-justicia-en-el-extremo-sur","status":"publish","type":"post","link":"https:\/\/www.radiopresidenteibanez.cl\/web\/segundo-seminario-de-ciencias-forenses-marca-hito-para-sistema-de-justicia-en-el-extremo-sur\/","title":{"rendered":"SEGUNDO SEMINARIO DE CIENCIAS FORENSES MARCA HITO PARA SISTEMA DE JUSTICIA EN EL EXTREMO SUR"},"content":{"rendered":"\n<p>Como actividad clave en materia de articulaci\u00f3n entre ciencia, investigaci\u00f3n penal y est\u00e1ndares de<br>derechos humanos, para consolidar un sistema de justicia moderno, oportuno y con altos<br>est\u00e1ndares de calidad, esta tarde se realiz\u00f3 la jornada inaugural del \u201cSegundo Seminario de<br>Ciencias Forenses de la Patagonia\u201d, con una alta concurrencia y la presencia de destacados<br>relatores de todo el pa\u00eds, quienes se dieron cita en el Centro CADI UMAG.<br>Esta instancia es organizada por el Servicio M\u00e9dico Legal (SML), con el apoyo de la Secretar\u00eda<br>Regional Ministerial de Justicia y DD.HH. y el auspicio de la Universidad de Magallanes, y fue<br>encabezada por el Subdirector M\u00e9dico del SML, Dr. Julio Sarmiento Machado; la Seremi de Justicia<br>y Derechos Humanos, Michelle Peutat Alvarado; el Prefecto General Rodrigo Fuentes, Encargado<br>de la Subdirecci\u00f3n Cient\u00edfica de la PDI; el Fiscal Regional de Magallanes, Cristian Crisosto; la Fiscal<br>Regional de Tarapac\u00e1 Maria Trinidad Steinert Herrera; y el Director Regional del SML, Dr. Ren\u00e9<br>Castro Cid.<br>Entre las tem\u00e1ticas abordadas figur\u00f3 como singular ejemplo de trabajo interinstitucional a nivel<br>nacional el Protocolo de Manejo de Fallecidos que se desarrolla en Tierra del Fuego, cuyos avances<br>expuso el Director Regional del SML. A su vez, el Fiscal Crisosto abord\u00f3 los desaf\u00edos y<br>oportunidades que aporta la ciencia forense a la investigaci\u00f3n penal del Ministerio P\u00fablico en la<br>resoluci\u00f3n de casos complejos (violencia de g\u00e9nero y de connotaci\u00f3n sexual).<br>Al abrir el evento, la Seremi Michelle Peutat resalt\u00f3 que esta instancia representa un valioso<br>encuentro entre instituciones p\u00fablicas, comunidades acad\u00e9micas y profesionales que cumplen un<br>rol esencial en la investigaci\u00f3n criminal y la garant\u00eda de derechos fundamentales, entre ellos, el<br>acceso a la justicia de quienes habitan esta zona austral. A la luz de este espacio de di\u00e1logo y<br>aprendizaje com\u00fan, que \u201ccontribuir\u00e1 a fortalecer el trabajo conjunto en nuestra regi\u00f3n\u201d, remarc\u00f3<br>el rol del SML en contextos donde los recursos son limitados y la cooperaci\u00f3n institucional se<br>vuelve decisiva.<br>La autoridad destac\u00f3 la actualizaci\u00f3n del protocolo de traslado de personas fallecidas en la<br>Provincia de Tierra del Fuego, herramienta fundamental en un territorio insular, donde ni el SML,<br>ni la PDI mantienen presencia permanente. \u201cAsimismo, esta articulaci\u00f3n ha permitido impulsar<br>proyectos in\u00e9ditos a nivel nacional, como la renovaci\u00f3n de las camionetas para el traslado de<\/p>\n\n\n\n<p>fallecidos, financiada por el Gobierno Regional (inversi\u00f3n de 128 millones de pesos)\u201d, subray\u00f3,<br>mejorando de manera significativa la capacidad operativa y la dignidad de la prestaci\u00f3n de este<br>servicio esencial.<br>Julio Sarmiento, Subdirector M\u00e9dico del SML, valor\u00f3 la particular importancia de este evento para<br>su servicio, que lleva m\u00e1s de 100 a\u00f1os de historia tratando de acercar todo el conocimiento<br>cient\u00edfico a la justicia, incorporando en ello la perspectiva de g\u00e9nero y la perspectiva de derechos<br>humanos. Agreg\u00f3 que detr\u00e1s de instancias como esta, hay un trabajo de muchos funcionarios,<br>muchas veces invisibilizado, \u201cpero la labor del Servicio M\u00e9dico Legal viene a dar el respaldo<br>cient\u00edfico, t\u00e9cnico, met\u00f3dico, metodol\u00f3gico a esa funci\u00f3n. Pero la ciencia forense no la construimos<br>solamente nosotros, la construimos colaborativamente con instancias como \u00e9sta\u201d.<br>\u201cEs una buena instancia para compartir informaci\u00f3n, para conocer las pr\u00e1cticas que se realizan en<br>otros lugares del pa\u00eds y, de esa manera, podamos ir mejorando nuestro acervo en las materias<br>penales y particularmente forenses\u201d, resalt\u00f3 el Dr. Ren\u00e9 Castro Cid, Director Regional del SML. El<br>profesional agradeci\u00f3 el apoyo de la Universidad de Magallanes, de la Seremi de Justicia y DD.HH.<br>y de todas las entidades involucradas para sacar adelante este seminario que desarrollan cada dos<br>a\u00f1os, y que pone foco en la colaboraci\u00f3n interinstitucional para lograr mejores investigaciones<br>criminales: \u201cLa labor forense e investigativa es fundamental en la garant\u00eda del acceso a la justicia.<br>Y hoy d\u00eda, dadas obviamente las condiciones geogr\u00e1ficas y territoriales de nuestra regi\u00f3n, es<br>fundamental poder dar un acceso equitativo a todas las personas en estas labores\u201d.<br>El Prefecto General Rodrigo Fuentes, de la Subdirecci\u00f3n Cient\u00edfica de la PDI (quien hace a\u00f1os sirvi\u00f3<br>en la regi\u00f3n como Jefe de la Brigada de Homicidios), valor\u00f3 las exposiciones que contempla este<br>seminario, basadas netamente en el trabajo cient\u00edfico que realiza la Polic\u00eda: \u201cHay un trabajo<br>investigativo que es tremendamente importante, pero el aporte desde la ciencia que realizan los<br>peritos criminal\u00edsticos, es un trabajo que apoya la toma de decisiones del Ministerio P\u00fablico y el<br>trabajo en conjunto con otras instituciones que concurren a la escena de los cr\u00edmenes\u201d.<br>Maria Trinidad Steinert, Fiscal Regional de Tarapac\u00e1, agradeci\u00f3 la invitaci\u00f3n al permitirle dar a<br>conocer tambi\u00e9n c\u00f3mo trabajan en Tarapac\u00e1 con el Servicio M\u00e9dico Legal, Carabineros, la Polic\u00eda<br>de Investigaciones y adem\u00e1s Polic\u00eda Mar\u00edtima, a trav\u00e9s de dos casos emblem\u00e1ticos, en los cuales<br>por el trabajo coordinado e inmediato en el sitio del suceso se logr\u00f3 en uno de ellos una sentencia<br>condenatoria de presidio perpetuo calificado.<br>Ma\u00f1ana viernes 24, este seminario dirigido a la comunidad acad\u00e9mica y principalmente a<br>funcionarios y funcionarias de las instituciones asociadas a la investigaci\u00f3n criminal, se reanudar\u00e1<br>en el Auditorio Ernesto Livacic de la UMAG, a contar de las 09:00 horas.<\/p>\n","protected":false},"excerpt":{"rendered":"<p>Como actividad clave en materia de articulaci\u00f3n entre ciencia, investigaci\u00f3n penal y est\u00e1ndares dederechos humanos, para consolidar un sistema de justicia moderno, oportuno y con altosest\u00e1ndares de calidad, esta tarde&#8230; <a class=\"read-more\" href=\"https:\/\/www.radiopresidenteibanez.cl\/web\/segundo-seminario-de-ciencias-forenses-marca-hito-para-sistema-de-justicia-en-el-extremo-sur\/\">Leer m\u00e1s<\/a><\/p>\n","protected":false},"author":2,"featured_media":59679,"comment_status":"closed","ping_status":"closed","sticky":false,"template":"","format":"standard","meta":{"footnotes":""},"categories":[1],"tags":[],"class_list":["post-59678","post","type-post","status-publish","format-standard","has-post-thumbnail","hentry","category-cronica"],"_links":{"self":[{"href":"https:\/\/www.radiopresidenteibanez.cl\/web\/wp-json\/wp\/v2\/posts\/59678","targetHints":{"allow":["GET"]}}],"collection":[{"href":"https:\/\/www.radiopresidenteibanez.cl\/web\/wp-json\/wp\/v2\/posts"}],"about":[{"href":"https:\/\/www.radiopresidenteibanez.cl\/web\/wp-json\/wp\/v2\/types\/post"}],"author":[{"embeddable":true,"href":"https:\/\/www.radiopresidenteibanez.cl\/web\/wp-json\/wp\/v2\/users\/2"}],"replies":[{"embeddable":true,"href":"https:\/\/www.radiopresidenteibanez.cl\/web\/wp-json\/wp\/v2\/comments?post=59678"}],"version-history":[{"count":0,"href":"https:\/\/www.radiopresidenteibanez.cl\/web\/wp-json\/wp\/v2\/posts\/59678\/revisions"}],"wp:featuredmedia":[{"embeddable":true,"href":"https:\/\/www.radiopresidenteibanez.cl\/web\/wp-json\/wp\/v2\/media\/59679"}],"wp:attachment":[{"href":"https:\/\/www.radiopresidenteibanez.cl\/web\/wp-json\/wp\/v2\/media?parent=59678"}],"wp:term":[{"taxonomy":"category","embeddable":true,"href":"https:\/\/www.radiopresidenteibanez.cl\/web\/wp-json\/wp\/v2\/categories?post=59678"},{"taxonomy":"post_tag","embeddable":true,"href":"https:\/\/www.radiopresidenteibanez.cl\/web\/wp-json\/wp\/v2\/tags?post=59678"}],"curies":[{"name":"wp","href":"https:\/\/api.w.org\/{rel}","templated":true}]}}