{"id":59675,"date":"2025-10-24T08:13:00","date_gmt":"2025-10-24T11:13:00","guid":{"rendered":"https:\/\/www.radiopresidenteibanez.cl\/web\/?p=59675"},"modified":"2025-10-24T08:08:01","modified_gmt":"2025-10-24T11:08:01","slug":"sag-magallanes-invita-a-la-comunidad-a-descubrir-su-historia-en-el-dia-del-patrimonio","status":"publish","type":"post","link":"https:\/\/www.radiopresidenteibanez.cl\/web\/sag-magallanes-invita-a-la-comunidad-a-descubrir-su-historia-en-el-dia-del-patrimonio\/","title":{"rendered":"SAG Magallanes invita a la comunidad a descubrir su historia en el D\u00eda del Patrimonio"},"content":{"rendered":"\n<p>Este viernes 23 y s\u00e1bado 24 de octubre, el Servicio Agr\u00edcola y Ganadero de Magallanes, SAG Magallanes, se suma a la celebraci\u00f3n del D\u00eda del Patrimonio Regional con una muestra hist\u00f3rica que permitir\u00e1 a las y los visitantes conocer parte del valioso legado institucional construido a lo largo de m\u00e1s de cinco d\u00e9cadas al servicio del pa\u00eds.<\/p>\n\n\n\n<p>La exhibici\u00f3n, que se realizar\u00e1 en el 6\u00b0 piso del edificio de los Servicios del Agro, ubicado en&nbsp;<strong>Av. Bulnes #0309, Punta Arenas<\/strong>, estar\u00e1 abierta el viernes 24 de octubre de 15:00 a 17:00 horas y el s\u00e1bado 25 de octubre de 10:00 a 13:00 horas, y presentar\u00e1 instrumentos y equipos antiguos, fotograf\u00edas, documentos y material de difusi\u00f3n utilizado en programas y proyectos que han marcado el quehacer del Servicio en Magallanes durante los \u00faltimos 50 a\u00f1os, entregando una oportunidad \u00fanica para conocer c\u00f3mo ha evolucionado la labor del SAG en materias como sanidad animal y vegetal, protecci\u00f3n del patrimonio fito y zoosanitario, frontera y conservaci\u00f3n de la naturaleza.<\/p>\n\n\n\n<p>Como parte de esta actividad patrimonial, las y los asistentes tambi\u00e9n podr\u00e1n acceder a la emblem\u00e1tica&nbsp;<strong>torre o c\u00fapula del edificio del Agro<\/strong><strong>,<\/strong>&nbsp;desde donde se aprecia una vista panor\u00e1mica de&nbsp;<strong>360 grados de la ciudad de Punta Arenas<\/strong><strong>,<\/strong>&nbsp;su borde costero y principales hitos urbanos.<\/p>\n\n\n\n<p>Al respecto, el director regional (s) de SAG Magallanes, Juan Francisco \u00c1lvarez C\u00e1rcamo, hace un llamado a familias, estudiantes, vecinos y vecinas, y a todas las personas interesadas en conocer el rol que cumple el Servicio en la protecci\u00f3n del patrimonio silvoagropecuario regional y nacional a participar de esta invitaci\u00f3n visitando la muestra organizada por la instituci\u00f3n.<\/p>\n","protected":false},"excerpt":{"rendered":"<p>Este viernes 23 y s\u00e1bado 24 de octubre, el Servicio Agr\u00edcola y Ganadero de Magallanes, SAG Magallanes, se suma a la celebraci\u00f3n del D\u00eda del Patrimonio Regional con una muestra&#8230; <a class=\"read-more\" href=\"https:\/\/www.radiopresidenteibanez.cl\/web\/sag-magallanes-invita-a-la-comunidad-a-descubrir-su-historia-en-el-dia-del-patrimonio\/\">Leer m\u00e1s<\/a><\/p>\n","protected":false},"author":2,"featured_media":59676,"comment_status":"closed","ping_status":"closed","sticky":false,"template":"","format":"standard","meta":{"footnotes":""},"categories":[1],"tags":[],"class_list":["post-59675","post","type-post","status-publish","format-standard","has-post-thumbnail","hentry","category-cronica"],"_links":{"self":[{"href":"https:\/\/www.radiopresidenteibanez.cl\/web\/wp-json\/wp\/v2\/posts\/59675","targetHints":{"allow":["GET"]}}],"collection":[{"href":"https:\/\/www.radiopresidenteibanez.cl\/web\/wp-json\/wp\/v2\/posts"}],"about":[{"href":"https:\/\/www.radiopresidenteibanez.cl\/web\/wp-json\/wp\/v2\/types\/post"}],"author":[{"embeddable":true,"href":"https:\/\/www.radiopresidenteibanez.cl\/web\/wp-json\/wp\/v2\/users\/2"}],"replies":[{"embeddable":true,"href":"https:\/\/www.radiopresidenteibanez.cl\/web\/wp-json\/wp\/v2\/comments?post=59675"}],"version-history":[{"count":0,"href":"https:\/\/www.radiopresidenteibanez.cl\/web\/wp-json\/wp\/v2\/posts\/59675\/revisions"}],"wp:featuredmedia":[{"embeddable":true,"href":"https:\/\/www.radiopresidenteibanez.cl\/web\/wp-json\/wp\/v2\/media\/59676"}],"wp:attachment":[{"href":"https:\/\/www.radiopresidenteibanez.cl\/web\/wp-json\/wp\/v2\/media?parent=59675"}],"wp:term":[{"taxonomy":"category","embeddable":true,"href":"https:\/\/www.radiopresidenteibanez.cl\/web\/wp-json\/wp\/v2\/categories?post=59675"},{"taxonomy":"post_tag","embeddable":true,"href":"https:\/\/www.radiopresidenteibanez.cl\/web\/wp-json\/wp\/v2\/tags?post=59675"}],"curies":[{"name":"wp","href":"https:\/\/api.w.org\/{rel}","templated":true}]}}