{"id":59587,"date":"2025-10-21T11:57:00","date_gmt":"2025-10-21T14:57:00","guid":{"rendered":"https:\/\/www.radiopresidenteibanez.cl\/web\/?p=59587"},"modified":"2025-10-21T11:07:44","modified_gmt":"2025-10-21T14:07:44","slug":"pequenas-voces-grandes-ideas-ninas-ninos-y-adolescentes-presentaron-propuestas-al-gabinete-regional-en-magallanes","status":"publish","type":"post","link":"https:\/\/www.radiopresidenteibanez.cl\/web\/pequenas-voces-grandes-ideas-ninas-ninos-y-adolescentes-presentaron-propuestas-al-gabinete-regional-en-magallanes\/","title":{"rendered":"\u00abPeque\u00f1as voces, grandes ideas\u00bb: Ni\u00f1as, ni\u00f1os y adolescentes presentaron propuestas al Gabinete Regional en Magallanes"},"content":{"rendered":"\n<p>Este lunes, el Gabinete Regional de Magallanes y la<br>Ant\u00e1rtica Chilena, encabezado por el Delegado Presidencial Regional, Jos\u00e9 Ruiz Pivcevic, recibi\u00f3 a<br>representantes del Consejo Consultivo Regional de Ni\u00f1os, Ni\u00f1as y Adolescentes, quienes<br>presentaron los resultados del Encuentro Regional 2025, realizado bajo el lema \u00abPeque\u00f1as voces,<br>grandes ideas\u00bb.<br>Dos j\u00f3venes participaron de manera presencial en Punta Arenas, mientras que otros integrantes<br>del Consejo se conectaron desde las provincias de \u00daltima Esperanza, Tierra del Fuego y Ant\u00e1rtica<br>Chilena mediante videoconferencia, acompa\u00f1ados por los Delegados Presidenciales Provinciales.<br>La jornada fue una instancia de escucha activa y di\u00e1logo directo entre j\u00f3venes y autoridades<br>regionales, donde se abordaron tem\u00e1ticas relevantes como el uso de espacios p\u00fablicos, el<br>transporte, la seguridad y el bienestar comunitario. Los planteamientos fueron bien recibidos por<br>el gabinete, y se tradujeron en compromisos concretos por parte de las distintas carteras.<br>\u201cHoy recibimos a representantes del Consejo Consultivo de Ni\u00f1as y Ni\u00f1os Adolescentes, c\u00f3mo fue<br>nuestro compromiso con ellos al recibir la s\u00edntesis de sus discusiones. Realmente vemos c\u00f3mo las<br>ni\u00f1eces, la juventud de nuestra regi\u00f3n, no solamente est\u00e1 preocupada su entorno, sino en el<br>porvenir de esta hermosa regi\u00f3n. Y es por eso que tambi\u00e9n seguimos adquiriendo compromiso\u201d,<br>se\u00f1al\u00f3 el Delegado Presidencial Regional, Jos\u00e9 Ruiz Pivcevic.<br>\u201cCuando hablamos de participaci\u00f3n, nos referimos a lo que hicimos hoy: incorporar las visiones de<br>otros actores a las pol\u00edticas p\u00fablicas. , el Seremi de Vivienda y Urbanismo respecto a las<br>participaciones de lo que iba a ser de las obras al interior del Parque El Club H\u00edpico, o la<br>priorizaci\u00f3n de las pr\u00f3ximas redes de ciclov\u00edas, el Seremi de Obras P\u00fablicas con los proyectos de<br>borde costero o proyectos emblem\u00e1ticos de la regi\u00f3n, o la encargada de Seguridad P\u00fablica con la<br>invitaci\u00f3n a los Consejos Comunales de Seguridad P\u00fablica. Porque son tambi\u00e9n esos problemas<br>que nos levantaron la juventud y nosotros, como gobierno, tambi\u00e9n tenemos el deber de ampliar<br>las voces e incorporarlos a las pol\u00edticas p\u00fablicas.\u201d.<br>Desde la mirada juvenil, esta oportunidad fue valorada por su car\u00e1cter participativo y por el<br>espacio real de incidencia que representa.<\/p>\n\n\n\n<p>Para Basti\u00e1n Sanhueza Vargas, estudiante del Colegio Punta Arenas y miembro del Consejo<br>Consultivo Nacional de Ni\u00f1ez y Adolescencia, esta experiencia fue significativa:<br>\u201cM\u00e1s que agradecido con el delegado presidencial por incluirnos en esta instancia. Pudimos<br>conversar con todas las carteras del gobierno, plantear nuestras inquietudes y conocer proyectos<br>que est\u00e1n en planificaci\u00f3n o ejecuci\u00f3n. Es clave que la ni\u00f1ez y adolescencia tenga espacios<br>garantizados donde podamos expresar nuestras necesidades. Muchas veces las decisiones se<br>toman sin considerar nuestra mirada, y eso debe cambiar\u201d.<br>Adem\u00e1s, enfatiz\u00f3 el valor de este tipo de \u00f3rganos consultivos: \u201cLo importante de los consejos es<br>que permiten aportar una mirada distinta. Muchas veces los proyectos son muy adultocentristas,<br>como en el caso de parques que no se dise\u00f1an pensando en las verdaderas necesidades de ni\u00f1os y adolescentes. Por eso es fundamental que existan espacios asegurados de participaci\u00f3n, como lo<br>plantea la Ley de Garant\u00edas\u201d.<br>Sebasti\u00e1n Mora, alumno del Instituto Don Bosco y miembro del Consejo Consultivo Comunal y<br>Regional, tambi\u00e9n destac\u00f3 la instancia: \u201cFue una gran oportunidad para presentar las<br>problem\u00e1ticas que vivimos como j\u00f3venes. Este tipo de encuentros son importantes porque<br>nuestras voces son escuchadas y las autoridades muestran inter\u00e9s. Tambi\u00e9n invito a m\u00e1s j\u00f3venes a<br>sumarse a estos espacios; somos nosotros quienes mejor entendemos lo que nos afecta en<br>nuestras comunas\u201d.<br>Respecto al rol del consejo, explic\u00f3: \u201cEstamos conformados por ni\u00f1os, ni\u00f1as y adolescentes de<br>distintos niveles: comunal, regional y nacional. Nuestro rol es representar a otros j\u00f3venes y<br>visibilizar temas que nos afectan, como el transporte, la violencia o la seguridad en nuestros<br>barrios. La idea es canalizar esas preocupaciones hacia las autoridades\u201d.<br>La jornada dej\u00f3 en evidencia que la participaci\u00f3n infantil y adolescente va m\u00e1s all\u00e1 de lo simb\u00f3lico.<br>Se trata de una apuesta concreta por una ciudadan\u00eda activa, diversa y con incidencia en los<br>procesos p\u00fablicos.<br>En palabras del Delegado Ruiz Pivcevic, \u201ceste es un trabajo que esperamos continuar<br>fortaleciendo. Si queremos construir una mejor sociedad, m\u00e1s justa e inclusiva, tenemos que<br>considerar las voces de los estudiantes, de los ni\u00f1os, de los adolescentes y, por cierto, tambi\u00e9n de<br>las personas mayores. Solo as\u00ed podemos dise\u00f1ar pol\u00edticas que representen de verdad a todas y<br>todos los que habitan esta regi\u00f3n\u201d.<br>Los Consejos Consultivos de Ni\u00f1ez y Adolescencia, establecidos por la Ley de Garant\u00edas de los<br>Derechos de la Ni\u00f1ez, son herramientas clave en este proceso. Magallanes reafirma, una vez m\u00e1s,<br>su compromiso con una participaci\u00f3n efectiva y transformadora.<\/p>\n","protected":false},"excerpt":{"rendered":"<p>Este lunes, el Gabinete Regional de Magallanes y laAnt\u00e1rtica Chilena, encabezado por el Delegado Presidencial Regional, Jos\u00e9 Ruiz Pivcevic, recibi\u00f3 arepresentantes del Consejo Consultivo Regional de Ni\u00f1os, Ni\u00f1as y Adolescentes,&#8230; <a class=\"read-more\" href=\"https:\/\/www.radiopresidenteibanez.cl\/web\/pequenas-voces-grandes-ideas-ninas-ninos-y-adolescentes-presentaron-propuestas-al-gabinete-regional-en-magallanes\/\">Leer m\u00e1s<\/a><\/p>\n","protected":false},"author":2,"featured_media":59588,"comment_status":"closed","ping_status":"closed","sticky":false,"template":"","format":"standard","meta":{"footnotes":""},"categories":[1],"tags":[],"class_list":["post-59587","post","type-post","status-publish","format-standard","has-post-thumbnail","hentry","category-cronica"],"_links":{"self":[{"href":"https:\/\/www.radiopresidenteibanez.cl\/web\/wp-json\/wp\/v2\/posts\/59587","targetHints":{"allow":["GET"]}}],"collection":[{"href":"https:\/\/www.radiopresidenteibanez.cl\/web\/wp-json\/wp\/v2\/posts"}],"about":[{"href":"https:\/\/www.radiopresidenteibanez.cl\/web\/wp-json\/wp\/v2\/types\/post"}],"author":[{"embeddable":true,"href":"https:\/\/www.radiopresidenteibanez.cl\/web\/wp-json\/wp\/v2\/users\/2"}],"replies":[{"embeddable":true,"href":"https:\/\/www.radiopresidenteibanez.cl\/web\/wp-json\/wp\/v2\/comments?post=59587"}],"version-history":[{"count":0,"href":"https:\/\/www.radiopresidenteibanez.cl\/web\/wp-json\/wp\/v2\/posts\/59587\/revisions"}],"wp:featuredmedia":[{"embeddable":true,"href":"https:\/\/www.radiopresidenteibanez.cl\/web\/wp-json\/wp\/v2\/media\/59588"}],"wp:attachment":[{"href":"https:\/\/www.radiopresidenteibanez.cl\/web\/wp-json\/wp\/v2\/media?parent=59587"}],"wp:term":[{"taxonomy":"category","embeddable":true,"href":"https:\/\/www.radiopresidenteibanez.cl\/web\/wp-json\/wp\/v2\/categories?post=59587"},{"taxonomy":"post_tag","embeddable":true,"href":"https:\/\/www.radiopresidenteibanez.cl\/web\/wp-json\/wp\/v2\/tags?post=59587"}],"curies":[{"name":"wp","href":"https:\/\/api.w.org\/{rel}","templated":true}]}}