{"id":59583,"date":"2025-10-21T10:55:44","date_gmt":"2025-10-21T13:55:44","guid":{"rendered":"https:\/\/www.radiopresidenteibanez.cl\/web\/?p=59583"},"modified":"2025-10-21T10:58:26","modified_gmt":"2025-10-21T13:58:26","slug":"servicio-nacional-de-reinsercion-social-juvenil-convoca-a-la-conformacion-de-su-primer-consejo-de-la-sociedad-civil","status":"publish","type":"post","link":"https:\/\/www.radiopresidenteibanez.cl\/web\/servicio-nacional-de-reinsercion-social-juvenil-convoca-a-la-conformacion-de-su-primer-consejo-de-la-sociedad-civil\/","title":{"rendered":"SERVICIO NACIONAL DE REINSERCI\u00d3N SOCIAL JUVENIL CONVOCA A LA CONFORMACI\u00d3N DE SU PRIMER CONSEJO DE LA SOCIEDAD CIVIL"},"content":{"rendered":"\n<p>El Servicio Nacional de Reinserci\u00f3n Social Juvenil inici\u00f3 el proceso para conformar su primer Consejo de la Sociedad Civil (COSOC), un hito institucional que busca fortalecer la participaci\u00f3n ciudadana y el trabajo conjunto con las organizaciones vinculadas a la reinserci\u00f3n social de adolescentes y j\u00f3venes.<\/p>\n\n\n\n<p>El COSOC ser\u00e1 un espacio de di\u00e1logo y colaboraci\u00f3n entre el Servicio y las organizaciones de la sociedad civil, orientado a aportar en la formulaci\u00f3n, implementaci\u00f3n y evaluaci\u00f3n de las pol\u00edticas p\u00fablicas de reinserci\u00f3n juvenil.<\/p>\n\n\n\n<p>El proceso de conformaci\u00f3n se desarrollar\u00e1 en tres etapas principales:<\/p>\n\n\n\n<p>1.- Inscripci\u00f3n de organizaciones de la sociedad civil: las entidades interesadas deben registrarse en el sitio web institucional del Servicio para quedar habilitadas a participar del proceso.<\/p>\n\n\n\n<p>2.- Inscripci\u00f3n de candidaturas: solo las organizaciones correctamente inscritas podr\u00e1n presentar postulaciones para integrar el Consejo.<\/p>\n\n\n\n<p>3.- Proceso de votaci\u00f3n: las entidades habilitadas podr\u00e1n emitir su voto para elegir a los representantes que conformar\u00e1n el primer COSOC del Servicio.<\/p>\n\n\n\n<p>Desde el Servicio de Reinserci\u00f3n Social Juvenil, la Directora Nacional Roc\u00edo Fa\u00fandez destac\u00f3 esta instancia de participaci\u00f3n, que adem\u00e1s se convierte en una convocatoria que marcar\u00e1 un avance relevante en la construcci\u00f3n de una institucionalidad participativa. \u201cLa conformaci\u00f3n del primer Consejo de la Sociedad Civil refuerza nuestro compromiso con la transparencia, la participaci\u00f3n y la colaboraci\u00f3n entre el Estado y las organizaciones que trabajan d\u00eda a d\u00eda por la reinserci\u00f3n de los j\u00f3venes\u201d, se\u00f1al\u00f3.<\/p>\n\n\n\n<p>Con este proceso, la instituci\u00f3n avanza en la consolidaci\u00f3n de una gesti\u00f3n p\u00fablica m\u00e1s abierta y participativa, promoviendo que las pol\u00edticas de reinserci\u00f3n juvenil se construyan con la voz y experiencia de las comunidades y organizaciones que trabajan directamente con adolescentes y j\u00f3venes en proceso de reinserci\u00f3n.<\/p>\n","protected":false},"excerpt":{"rendered":"<p>El Servicio Nacional de Reinserci\u00f3n Social Juvenil inici\u00f3 el proceso para conformar su primer Consejo de la Sociedad Civil (COSOC), un hito institucional que busca fortalecer la participaci\u00f3n ciudadana y&#8230; <a class=\"read-more\" href=\"https:\/\/www.radiopresidenteibanez.cl\/web\/servicio-nacional-de-reinsercion-social-juvenil-convoca-a-la-conformacion-de-su-primer-consejo-de-la-sociedad-civil\/\">Leer m\u00e1s<\/a><\/p>\n","protected":false},"author":2,"featured_media":59584,"comment_status":"closed","ping_status":"closed","sticky":false,"template":"","format":"standard","meta":{"footnotes":""},"categories":[1],"tags":[],"class_list":["post-59583","post","type-post","status-publish","format-standard","has-post-thumbnail","hentry","category-cronica"],"_links":{"self":[{"href":"https:\/\/www.radiopresidenteibanez.cl\/web\/wp-json\/wp\/v2\/posts\/59583","targetHints":{"allow":["GET"]}}],"collection":[{"href":"https:\/\/www.radiopresidenteibanez.cl\/web\/wp-json\/wp\/v2\/posts"}],"about":[{"href":"https:\/\/www.radiopresidenteibanez.cl\/web\/wp-json\/wp\/v2\/types\/post"}],"author":[{"embeddable":true,"href":"https:\/\/www.radiopresidenteibanez.cl\/web\/wp-json\/wp\/v2\/users\/2"}],"replies":[{"embeddable":true,"href":"https:\/\/www.radiopresidenteibanez.cl\/web\/wp-json\/wp\/v2\/comments?post=59583"}],"version-history":[{"count":0,"href":"https:\/\/www.radiopresidenteibanez.cl\/web\/wp-json\/wp\/v2\/posts\/59583\/revisions"}],"wp:featuredmedia":[{"embeddable":true,"href":"https:\/\/www.radiopresidenteibanez.cl\/web\/wp-json\/wp\/v2\/media\/59584"}],"wp:attachment":[{"href":"https:\/\/www.radiopresidenteibanez.cl\/web\/wp-json\/wp\/v2\/media?parent=59583"}],"wp:term":[{"taxonomy":"category","embeddable":true,"href":"https:\/\/www.radiopresidenteibanez.cl\/web\/wp-json\/wp\/v2\/categories?post=59583"},{"taxonomy":"post_tag","embeddable":true,"href":"https:\/\/www.radiopresidenteibanez.cl\/web\/wp-json\/wp\/v2\/tags?post=59583"}],"curies":[{"name":"wp","href":"https:\/\/api.w.org\/{rel}","templated":true}]}}