{"id":59572,"date":"2025-10-20T18:24:00","date_gmt":"2025-10-20T21:24:00","guid":{"rendered":"https:\/\/www.radiopresidenteibanez.cl\/web\/?p=59572"},"modified":"2025-10-20T13:57:38","modified_gmt":"2025-10-20T16:57:38","slug":"slep-magallanes-invirtio-93-millones-en-nuevos-pisos-para-el-liceo-sara-braun","status":"publish","type":"post","link":"https:\/\/www.radiopresidenteibanez.cl\/web\/slep-magallanes-invirtio-93-millones-en-nuevos-pisos-para-el-liceo-sara-braun\/","title":{"rendered":"Slep Magallanes invirti\u00f3 $ 93 millones en nuevos pisos para el Liceo Sara Braun"},"content":{"rendered":"\n<p>El acceso, los pasillos y salas de clase ubicados en el primer nivel del Liceo<br>Polivalente Sara Braun lucen distintos a como se vieron en la \u00faltima d\u00e9cada,<br>periodo en que los pisos acumularon importantes da\u00f1os que hac\u00edan dif\u00edcil<br>desplazarse por el lugar.<br>Una intervenci\u00f3n financiada por el Servicio Local de Educaci\u00f3n P\u00fablica<br>Magallanes permiti\u00f3 revertir esa situaci\u00f3n y dotar al establecimiento de nuevas<br>superficies, m\u00e1s seguras y de mayor calidad.<br>Los trabajos comenzaron con la instalaci\u00f3n de 867 metros cuadrados de<br>porcelanato antideslizante y 344 metros lineales de guardapolvos en los<br>pasillos que dan a la calle Bernardo O\u2019Higgins y avenida Col\u00f3n, adem\u00e1s de<br>cuatro salas de clases.<br>Gracias a la eficiencia con que se administraron los recursos, se pudo ejecutar<br>una segunda etapa de la obra que consider\u00f3 120 metros cuadrados adicionales<br>de porcelanato antideslizante en el acceso principal y el comedor del liceo,<br>adem\u00e1s de 50 metros lineales de guardapolvos y el recambio de una baranda.<br>La inversi\u00f3n total en las obras de conservaci\u00f3n realizadas en el Liceo Sara<br>Braun lleg\u00f3 a $93.544.710 con una superficie total intervenida de 987 metros<br>cuadrados.<br>Las obras fueron entregadas en una breve ceremonia efectuada en el liceo<br>donde su director, el profesor N\u00e9stor R\u00edos, afirm\u00f3 que los arreglos eran<br>esperados hace m\u00e1s de una d\u00e9cada por la comunidad educativa.<br>\u201cNuestros estudiantes, los profesores y la comunidad completa hoy est\u00e1n m\u00e1s<br>seguros y ya sabemos que cuando la infraestructura de un establecimiento es<br>acorde a esta mirada de formaci\u00f3n y aprendizaje, el aprendizaje tambi\u00e9n es<br>mayor\u201d, declar\u00f3 el docente.<br>Agreg\u00f3 que el cambio es especialmente relevante para estudiantes que usan<br>silla de ruedas para trasladarse dentro del recinto educativo.<br>El Secretario Regional Ministerial de Educaci\u00f3n, Valent\u00edn Aguilera, coment\u00f3 por<br>su parte que \u201cas\u00ed como se despliega esta obra de conservaci\u00f3n, est\u00e1n en<br>ejecuci\u00f3n y tambi\u00e9n en planificaci\u00f3n una cartera de proyectos muy significativa,<br>con la colaboraci\u00f3n del Gobierno Regional, la Secretar\u00eda Ministerial, la<br>Secretar\u00eda de Energ\u00eda y con recursos propios del Servicio Local de Educaci\u00f3n<br>P\u00fablica, que est\u00e1n brindando mejores condiciones en materia de infraestructura<br>a un porcentaje muy significativo de las escuelas p\u00fablicas de toda nuestra<br>regi\u00f3n\u201d.<\/p>\n\n\n\n<p>Los trabajos en el Liceo Sara Braun son la cuarta obra financiada por el SLEP<br>Magallanes inaugurada en el \u00faltimo tiempo, sum\u00e1ndose a iniciativas ejecutadas<br>en las escuelas Baudilia Avenda\u00f1p de Yousuff, Dellamira Rebeca Aguilar y<br>Elba Ojeda G\u00f3mez.<br>El director subrogante de Infraestructura y Mantenimiento del SLEP Magallanes<br>Benjam\u00edn Agurto, inform\u00f3 que se est\u00e1 desplegando una importante cartera de<br>proyectos con recursos de la instituci\u00f3n, con diez financiados el a\u00f1o pasado y<br>otros diez que corresponden al 2025 y est\u00e1n en plena ejecuci\u00f3n.<br>Agreg\u00f3 que \u201centre el a\u00f1o 2024 y el 2025, en mantenimientos menores tenemos<br>m\u00e1s de mil acciones que hemos realizado. Estamos muy contentos porque<br>sabemos que una mejor infraestructura permite que los alumnos, los docentes<br>y nuestros asistentes de la educaci\u00f3n puedan desarrollar una mejor educaci\u00f3n<br>y lo que estamos buscando es una educaci\u00f3n de calidad\u201d.<\/p>\n","protected":false},"excerpt":{"rendered":"<p>El acceso, los pasillos y salas de clase ubicados en el primer nivel del LiceoPolivalente Sara Braun lucen distintos a como se vieron en la \u00faltima d\u00e9cada,periodo en que los&#8230; <a class=\"read-more\" href=\"https:\/\/www.radiopresidenteibanez.cl\/web\/slep-magallanes-invirtio-93-millones-en-nuevos-pisos-para-el-liceo-sara-braun\/\">Leer m\u00e1s<\/a><\/p>\n","protected":false},"author":2,"featured_media":59573,"comment_status":"closed","ping_status":"closed","sticky":false,"template":"","format":"standard","meta":{"footnotes":""},"categories":[1],"tags":[],"class_list":["post-59572","post","type-post","status-publish","format-standard","has-post-thumbnail","hentry","category-cronica"],"_links":{"self":[{"href":"https:\/\/www.radiopresidenteibanez.cl\/web\/wp-json\/wp\/v2\/posts\/59572","targetHints":{"allow":["GET"]}}],"collection":[{"href":"https:\/\/www.radiopresidenteibanez.cl\/web\/wp-json\/wp\/v2\/posts"}],"about":[{"href":"https:\/\/www.radiopresidenteibanez.cl\/web\/wp-json\/wp\/v2\/types\/post"}],"author":[{"embeddable":true,"href":"https:\/\/www.radiopresidenteibanez.cl\/web\/wp-json\/wp\/v2\/users\/2"}],"replies":[{"embeddable":true,"href":"https:\/\/www.radiopresidenteibanez.cl\/web\/wp-json\/wp\/v2\/comments?post=59572"}],"version-history":[{"count":0,"href":"https:\/\/www.radiopresidenteibanez.cl\/web\/wp-json\/wp\/v2\/posts\/59572\/revisions"}],"wp:featuredmedia":[{"embeddable":true,"href":"https:\/\/www.radiopresidenteibanez.cl\/web\/wp-json\/wp\/v2\/media\/59573"}],"wp:attachment":[{"href":"https:\/\/www.radiopresidenteibanez.cl\/web\/wp-json\/wp\/v2\/media?parent=59572"}],"wp:term":[{"taxonomy":"category","embeddable":true,"href":"https:\/\/www.radiopresidenteibanez.cl\/web\/wp-json\/wp\/v2\/categories?post=59572"},{"taxonomy":"post_tag","embeddable":true,"href":"https:\/\/www.radiopresidenteibanez.cl\/web\/wp-json\/wp\/v2\/tags?post=59572"}],"curies":[{"name":"wp","href":"https:\/\/api.w.org\/{rel}","templated":true}]}}