{"id":59566,"date":"2025-10-20T15:51:00","date_gmt":"2025-10-20T18:51:00","guid":{"rendered":"https:\/\/www.radiopresidenteibanez.cl\/web\/?p=59566"},"modified":"2025-10-20T11:53:42","modified_gmt":"2025-10-20T14:53:42","slug":"delegado-presidencial-y-seremi-de-energia-de-magallanes-entregan-kits-de-emergencia-energetica-siempre-listos-a-municipio-de-laguna-blanca","status":"publish","type":"post","link":"https:\/\/www.radiopresidenteibanez.cl\/web\/delegado-presidencial-y-seremi-de-energia-de-magallanes-entregan-kits-de-emergencia-energetica-siempre-listos-a-municipio-de-laguna-blanca\/","title":{"rendered":"Delegado Presidencial y Seremi de Energ\u00eda de Magallanes entregan kits de emergencia energ\u00e9tica \u201cSiempre Listos\u201d a municipio de Laguna Blanca"},"content":{"rendered":"\n<p>25 familias de Laguna Blanca recibir\u00e1n un kit de emergencia energ\u00e9tica en el marco de la presentaci\u00f3n -a nivel regional- del programa del Ministerio de Energ\u00eda, \u201cSiempre Listos, energ\u00eda para estar conectados\u201d, que busca apoyar a las familias vulnerables del pa\u00eds a enfrentar crisis de diversa \u00edndole con una mayor y mejor conectividad en cuanto a suministro de energ\u00eda.<\/p>\n\n\n\n<p>\u201cSiempre Listos\u201d se engloba en el Plan Familia Preparada del Servicio Nacional de Prevenci\u00f3n y Respuesta ante Desastres (SENAPRED), que fomenta el autocuidado y la cultura preventiva en las familias de Chile a trav\u00e9s de una gu\u00eda que les permita organizarse, prepararse y saber actuar ante una situaci\u00f3n de emergencia, fortaleciendo con ello sus capacidades para reducir el riesgo de desastres.<\/p>\n\n\n\n<p>Junto al alcalde de la comuna Fernando Ojeda, el Delegado Presidencial Regional de Magallanes, Jos\u00e9 Ruiz Pivcevic destac\u00f3 la iniciativa del Gobierno del Presidente Gabriel Boric. \u201cEste kit de emergencia energ\u00e9tica est\u00e1 dise\u00f1ado especialmente para nuestras condiciones clim\u00e1ticas: es pr\u00e1ctico, adaptable y pensado para las familias m\u00e1s vulnerables. Con \u00e9l, buscamos que est\u00e9n mejor preparadas, conectadas e informadas ante cualquier eventualidad. Es una medida concreta de apoyo que refleja nuestro compromiso con la seguridad y el bienestar de las personas, fortaleciendo nuestra cultura preventiva.\u201d, sostuvo.<\/p>\n\n\n\n<p>En tanto, el Seremi de Energ\u00eda Sergio Cuiti\u00f1o apunt\u00f3 que \u201cel acceso al suministro el\u00e9ctrico y otras fuentes energ\u00e9ticas en momentos de emergencias es fundamental para que las familias puedan permanecer conectadas ante alguna situaci\u00f3n cr\u00edtica\u201d.<\/p>\n\n\n\n<p>La autoridad regional agreg\u00f3 que \u201ccon la entrega de estos kits de emergencia energ\u00e9tica queremos apoyar a familias de todo Chile y entregarles soluciones que les permitan una mejor coordinaci\u00f3n y mayor conectividad en escenarios de cat\u00e1strofe\u201d.<\/p>\n\n\n\n<p><strong>EMERGENCIAS EN MAGALLANES<\/strong><\/p>\n\n\n\n<p>En este sentido, el Seremi Cuiti\u00f1o record\u00f3 que, pese a que la regi\u00f3n desde hace algunos a\u00f1os no ha sufrido situaciones cr\u00edticas como los terremotos que han afectado la zona norte, centro y sur del pa\u00eds, \u201chemos tenido una serie de eventos tel\u00faricos en el mar de Drake y cerca del territorio ant\u00e1rtico chileno que, si bien no afectaron directamente a las \u00e1reas m\u00e1s densamente pobladas de Magallanes, dichos antecedentes nos obligan a actuar de manera precavida\u201d, sostuvo.<\/p>\n\n\n\n<p>Asimismo, Cuiti\u00f1o enfatiz\u00f3 que \u201cpor esto, como Gobierno estamos impulsando este programa que tiene como premisa estar mejor preparados y, por tanto, anticiparse a escenarios cr\u00edticos para una mejor respuesta de la poblaci\u00f3n a ellos\u201d, remarc\u00f3.&nbsp;<\/p>\n\n\n\n<p>En la instancia, el jefe comunal Fernando Ojeda, valor\u00f3 la preocupaci\u00f3n del Ministerio de Energ\u00eda y agradeci\u00f3 la capacitaci\u00f3n a los vecinos respecto de c\u00f3mo y cu\u00e1ndo utilizar el kit de emergencia energ\u00e9tica.<\/p>\n\n\n\n<p>\u201cUna comuna como la nuestra, que es un puente entre los dos principales centros poblados de la regi\u00f3n, contar con estos kits de emergencia nos hace ser m\u00e1s resilientes frente a eventualidades que requieran mantenernos conectados y por ende informados sobre el curso de los acontecimientos; esto, sin duda, puede hacer una diferencia\u201d, manifest\u00f3 Ojeda. &nbsp;<\/p>\n\n\n\n<p>Dicho kit contiene un banco de Energ\u00eda con linterna y ampolletas, recargable a red el\u00e9ctrica y solar; y una radio AM\/FM\/SW con carga a red el\u00e9ctrica y\/o solar; adem\u00e1s de un manual de uso e instrucciones paso a paso para el uso del contenido, los que ser\u00e1n entregados a m\u00e1s de 5 mil familias de todo el pa\u00eds.<\/p>\n\n\n\n<p>Seg\u00fan inform\u00f3 la Secretar\u00eda Regional Ministerial de&nbsp;Energ\u00eda de Magallanes, en las pr\u00f3ximas semanas las dem\u00e1s comunas de la regi\u00f3n recibir\u00e1n sus respectivos kits de emergencia energ\u00e9tica<\/p>\n","protected":false},"excerpt":{"rendered":"<p>25 familias de Laguna Blanca recibir\u00e1n un kit de emergencia energ\u00e9tica en el marco de la presentaci\u00f3n -a nivel regional- del programa del Ministerio de Energ\u00eda, \u201cSiempre Listos, energ\u00eda para&#8230; <a class=\"read-more\" href=\"https:\/\/www.radiopresidenteibanez.cl\/web\/delegado-presidencial-y-seremi-de-energia-de-magallanes-entregan-kits-de-emergencia-energetica-siempre-listos-a-municipio-de-laguna-blanca\/\">Leer m\u00e1s<\/a><\/p>\n","protected":false},"author":2,"featured_media":59567,"comment_status":"closed","ping_status":"closed","sticky":false,"template":"","format":"standard","meta":{"footnotes":""},"categories":[1],"tags":[],"class_list":["post-59566","post","type-post","status-publish","format-standard","has-post-thumbnail","hentry","category-cronica"],"_links":{"self":[{"href":"https:\/\/www.radiopresidenteibanez.cl\/web\/wp-json\/wp\/v2\/posts\/59566","targetHints":{"allow":["GET"]}}],"collection":[{"href":"https:\/\/www.radiopresidenteibanez.cl\/web\/wp-json\/wp\/v2\/posts"}],"about":[{"href":"https:\/\/www.radiopresidenteibanez.cl\/web\/wp-json\/wp\/v2\/types\/post"}],"author":[{"embeddable":true,"href":"https:\/\/www.radiopresidenteibanez.cl\/web\/wp-json\/wp\/v2\/users\/2"}],"replies":[{"embeddable":true,"href":"https:\/\/www.radiopresidenteibanez.cl\/web\/wp-json\/wp\/v2\/comments?post=59566"}],"version-history":[{"count":0,"href":"https:\/\/www.radiopresidenteibanez.cl\/web\/wp-json\/wp\/v2\/posts\/59566\/revisions"}],"wp:featuredmedia":[{"embeddable":true,"href":"https:\/\/www.radiopresidenteibanez.cl\/web\/wp-json\/wp\/v2\/media\/59567"}],"wp:attachment":[{"href":"https:\/\/www.radiopresidenteibanez.cl\/web\/wp-json\/wp\/v2\/media?parent=59566"}],"wp:term":[{"taxonomy":"category","embeddable":true,"href":"https:\/\/www.radiopresidenteibanez.cl\/web\/wp-json\/wp\/v2\/categories?post=59566"},{"taxonomy":"post_tag","embeddable":true,"href":"https:\/\/www.radiopresidenteibanez.cl\/web\/wp-json\/wp\/v2\/tags?post=59566"}],"curies":[{"name":"wp","href":"https:\/\/api.w.org\/{rel}","templated":true}]}}