{"id":59560,"date":"2025-10-20T12:19:00","date_gmt":"2025-10-20T15:19:00","guid":{"rendered":"https:\/\/www.radiopresidenteibanez.cl\/web\/?p=59560"},"modified":"2025-10-20T11:15:15","modified_gmt":"2025-10-20T14:15:15","slug":"liceo-sara-braun-de-punta-arenas-y-la-escuela-coronel-santiago-bueras-depuerto-natales-representaran-a-la-region-en-el-congreso-nacional-de-explora-2025","status":"publish","type":"post","link":"https:\/\/www.radiopresidenteibanez.cl\/web\/liceo-sara-braun-de-punta-arenas-y-la-escuela-coronel-santiago-bueras-depuerto-natales-representaran-a-la-region-en-el-congreso-nacional-de-explora-2025\/","title":{"rendered":"Liceo Sara Braun de Punta Arenas y la Escuela Coronel Santiago Bueras dePuerto Natales representar\u00e1n a la regi\u00f3n en el Congreso Nacional de Explora 2025"},"content":{"rendered":"\n<p>El pasado martes 14 y mi\u00e9rcoles 15 de octubre, se realiz\u00f3 la feria cient\u00edfica<br>\u201cCiencia para nuestra comunidad\u201d, en el cual los estudiantes junto a sus docentes<br>que son parte del Instrumento de Investigaci\u00f3n e Innovaci\u00f3n&nbsp;Escolar, exhibieron y<br>socializaron sus proyectos a toda la comunidad, en el patio de la Facultad de<br>Ingenier\u00eda de la Universidad de Magallanes en Punta arenas y en la Escuela<br>Bernardo O\u2019Higgins en Puerto Natales.<br>La socializaci\u00f3n final del instrumento de Investigaci\u00f3n e innovaci\u00f3n Escolar,<br>financiado por el Programa Explora del Ministerio de Ciencia, Tecnolog\u00eda,<br>Conocimiento e Innovaci\u00f3n y ejecutado por la Universidad de<br>Magallanes, que como objetivo socializar los avances de los proyectos de<br>investigaci\u00f3n a trav\u00e9s de una exposici\u00f3n, con lenguaje claro y preciso.<br>En ambas actividades, tanto en Punta Arenas como Puerto Natales, hubo un<br>comit\u00e9 integrado por cient\u00edficos que evalu\u00f3 cada proyecto y determin\u00f3 a los<br>equipos de estudiantes junto a sus docentes que representar\u00e1n a la regi\u00f3n en el<br>Congreso Nacional Explora 2025. Es as\u00ed como el Liceo Sara Braun de Punta<br>Arenas con su proyecto \u201cTan cerca y a la vez tan lejos:percepciones sobre el<br>aislamiento en los habitantes de Villa Tehuelche\u201d a cargo del docente Javier<br>Mu\u00f1oz y la Escuela Coronel Santiago Bueras de Puerto Natales con el proyecto<br>\u201cimportancia ecol\u00f3gica de los hongos y la necesidad de conservar las especies<br>amenizadas: como realizar un fungario comunal\u201d, liderado por la docente Claudia<br>Almonacid.<br>Al respecto, la directora ejecutiva de PAR Explora Magallanes, Claudia Salinas<br>coment\u00f3 que \u201cComo PAR Explora Magallanes, nos llena de orgullo ver c\u00f3mo<br>nuestras y nuestros estudiantes se convierten en protagonistas del conocimiento a<br>trav\u00e9s de la investigaci\u00f3n y la innovaci\u00f3n escolar. En la feria cient\u00edfica \u2018Ciencia<br>para nuestra comunidad\u2019, demostraron su curiosidad, compromiso y creatividad,<br>abordando temas que nacen de su entorno y aportan valor a sus comunidades.<br>Felicitamos a cada uno de los equipos que formaron parte de esta experiencia y,<br>adem\u00e1s, a quienes representar\u00e1n a la regi\u00f3n en el Congreso Nacional Explora<br>2025\u201d.<br>Finalmente, el Congreso Nacional Explora se desarrollar\u00e1 el 28, 29 y 30 de<br>octubre en Santiago, en el cual los participantes presentar\u00e1n sus proyectos de<br>investigaci\u00f3n y compartir\u00e1n experiencias con sus pares de todas las regiones del<br>pa\u00eds.<\/p>\n","protected":false},"excerpt":{"rendered":"<p>El pasado martes 14 y mi\u00e9rcoles 15 de octubre, se realiz\u00f3 la feria cient\u00edfica\u201cCiencia para nuestra comunidad\u201d, en el cual los estudiantes junto a sus docentesque son parte del Instrumento&#8230; <a class=\"read-more\" href=\"https:\/\/www.radiopresidenteibanez.cl\/web\/liceo-sara-braun-de-punta-arenas-y-la-escuela-coronel-santiago-bueras-depuerto-natales-representaran-a-la-region-en-el-congreso-nacional-de-explora-2025\/\">Leer m\u00e1s<\/a><\/p>\n","protected":false},"author":2,"featured_media":59561,"comment_status":"closed","ping_status":"closed","sticky":false,"template":"","format":"standard","meta":{"footnotes":""},"categories":[1],"tags":[],"class_list":["post-59560","post","type-post","status-publish","format-standard","has-post-thumbnail","hentry","category-cronica"],"_links":{"self":[{"href":"https:\/\/www.radiopresidenteibanez.cl\/web\/wp-json\/wp\/v2\/posts\/59560","targetHints":{"allow":["GET"]}}],"collection":[{"href":"https:\/\/www.radiopresidenteibanez.cl\/web\/wp-json\/wp\/v2\/posts"}],"about":[{"href":"https:\/\/www.radiopresidenteibanez.cl\/web\/wp-json\/wp\/v2\/types\/post"}],"author":[{"embeddable":true,"href":"https:\/\/www.radiopresidenteibanez.cl\/web\/wp-json\/wp\/v2\/users\/2"}],"replies":[{"embeddable":true,"href":"https:\/\/www.radiopresidenteibanez.cl\/web\/wp-json\/wp\/v2\/comments?post=59560"}],"version-history":[{"count":0,"href":"https:\/\/www.radiopresidenteibanez.cl\/web\/wp-json\/wp\/v2\/posts\/59560\/revisions"}],"wp:featuredmedia":[{"embeddable":true,"href":"https:\/\/www.radiopresidenteibanez.cl\/web\/wp-json\/wp\/v2\/media\/59561"}],"wp:attachment":[{"href":"https:\/\/www.radiopresidenteibanez.cl\/web\/wp-json\/wp\/v2\/media?parent=59560"}],"wp:term":[{"taxonomy":"category","embeddable":true,"href":"https:\/\/www.radiopresidenteibanez.cl\/web\/wp-json\/wp\/v2\/categories?post=59560"},{"taxonomy":"post_tag","embeddable":true,"href":"https:\/\/www.radiopresidenteibanez.cl\/web\/wp-json\/wp\/v2\/tags?post=59560"}],"curies":[{"name":"wp","href":"https:\/\/api.w.org\/{rel}","templated":true}]}}