{"id":59551,"date":"2025-10-20T09:17:00","date_gmt":"2025-10-20T12:17:00","guid":{"rendered":"https:\/\/www.radiopresidenteibanez.cl\/web\/?p=59551"},"modified":"2025-10-20T08:51:39","modified_gmt":"2025-10-20T11:51:39","slug":"primavera-celebro-sus-45-anos-con-emotivos-reconocimientos-y-actividades-culturales","status":"publish","type":"post","link":"https:\/\/www.radiopresidenteibanez.cl\/web\/primavera-celebro-sus-45-anos-con-emotivos-reconocimientos-y-actividades-culturales\/","title":{"rendered":"Primavera celebr\u00f3 sus 45 a\u00f1os con emotivos reconocimientos y actividades culturales"},"content":{"rendered":"\n<p>En una jornada marcada por la emoci\u00f3n, el reconocimiento y el sentido de pertenencia, la Municipalidad de Primavera conmemor\u00f3 su 45\u00b0 aniversario con una ceremonia encabezada por la alcaldesa Karina Fern\u00e1ndez, en la que se rindi\u00f3 homenaje a los funcionarios por sus a\u00f1os de servicio y se premi\u00f3 a ciudadanos destacados por su valioso aporte a la comunidad.<\/p>\n\n\n\n<p>El evento, realizado en Cerro Sombrero, cont\u00f3 con la presencia del delegado presidencial provincial, Jos\u00e9 Campos Prieto, quien destac\u00f3 \u201clos avances significativos de la comuna, el trabajo conjunto con las autoridades locales y, sobre todo, el imprescindible aporte de sus habitantes en la construcci\u00f3n del presente y futuro de la regi\u00f3n\u201d.<\/p>\n\n\n\n<p>Durante la ceremonia, los vecinos y autoridades vivieron momentos de especial emoci\u00f3n con el reconocimiento a quienes han dejado una huella imborrable en la historia de Primavera, personas cuyo esfuerzo y compromiso han contribuido a forjar la identidad de la comuna.<\/p>\n\n\n\n<p>\u201cEsta noche se reconoci\u00f3 a funcionarios municipales en sus a\u00f1os de servicio, as\u00ed tambi\u00e9n como ciudadanos y ciudadanas destacadas de nuestra comunidad, y tambi\u00e9n a la empresa Sodexo, quien cumpli\u00f3 ya casi 40 a\u00f1os prestando y aportando a la econom\u00eda con trabajo en nuestra sociedad. Tuvimos una ceremonia de recuerdos en la cual se present\u00f3 el cantante nacional Daniel Guerrero, y tambi\u00e9n el conjunto folcl\u00f3rico Brisa Austral, quienes nos felicitaron con una hermosa presentaci\u00f3n\u201d, detall\u00f3 la alcaldesa Karina Fern\u00e1ndez.<\/p>\n\n\n\n<p>Entre los ciudadanos destacados se encuentra Patricia Brice\u00f1o Serrano, qui\u00e9n fue premiada por su activa participaci\u00f3n en organizaciones sociales y el trabajo que ha realizado durante gran parte de su vida en la comuna de Primavera, adem\u00e1s de ser una creativa tejedora y emprendedora. Tambi\u00e9n fue reconocido Jos\u00e9 Mu\u00f1oz C\u00e1rdenas, ex trabajador de ENAP, quien dej\u00f3 su huella en el desarrollo deportivo de la comuna, obteniendo grandes logros nacionales e internacionales, practicando el bowling<\/p>\n\n\n\n<p>La celebraci\u00f3n tambi\u00e9n incluy\u00f3 presentaciones art\u00edsticas a cargo del grupo Brisas Australes y del reconocido cantante Daniel Guerrero, quienes brindaron un cierre festivo a una jornada que honr\u00f3 la memoria, el esfuerzo colectivo y el arraigo fueguino.<\/p>\n\n\n\n<p>Estuvieron presentes adem\u00e1s los miembros del concejo municipal, quienes participaron activamente en la entrega de reconocimientos y compartieron con la comunidad esta fecha tan significativa.<\/p>\n\n\n\n<p>La Municipalidad de Primavera reafirma su compromiso con el desarrollo de la comuna, valorando a quienes d\u00eda a d\u00eda contribuyen desde distintos \u00e1mbitos a fortalecer su crecimiento, historia y cultura.<\/p>\n","protected":false},"excerpt":{"rendered":"<p>En una jornada marcada por la emoci\u00f3n, el reconocimiento y el sentido de pertenencia, la Municipalidad de Primavera conmemor\u00f3 su 45\u00b0 aniversario con una ceremonia encabezada por la alcaldesa Karina&#8230; <a class=\"read-more\" href=\"https:\/\/www.radiopresidenteibanez.cl\/web\/primavera-celebro-sus-45-anos-con-emotivos-reconocimientos-y-actividades-culturales\/\">Leer m\u00e1s<\/a><\/p>\n","protected":false},"author":2,"featured_media":59552,"comment_status":"closed","ping_status":"closed","sticky":false,"template":"","format":"standard","meta":{"footnotes":""},"categories":[1],"tags":[],"class_list":["post-59551","post","type-post","status-publish","format-standard","has-post-thumbnail","hentry","category-cronica"],"_links":{"self":[{"href":"https:\/\/www.radiopresidenteibanez.cl\/web\/wp-json\/wp\/v2\/posts\/59551","targetHints":{"allow":["GET"]}}],"collection":[{"href":"https:\/\/www.radiopresidenteibanez.cl\/web\/wp-json\/wp\/v2\/posts"}],"about":[{"href":"https:\/\/www.radiopresidenteibanez.cl\/web\/wp-json\/wp\/v2\/types\/post"}],"author":[{"embeddable":true,"href":"https:\/\/www.radiopresidenteibanez.cl\/web\/wp-json\/wp\/v2\/users\/2"}],"replies":[{"embeddable":true,"href":"https:\/\/www.radiopresidenteibanez.cl\/web\/wp-json\/wp\/v2\/comments?post=59551"}],"version-history":[{"count":0,"href":"https:\/\/www.radiopresidenteibanez.cl\/web\/wp-json\/wp\/v2\/posts\/59551\/revisions"}],"wp:featuredmedia":[{"embeddable":true,"href":"https:\/\/www.radiopresidenteibanez.cl\/web\/wp-json\/wp\/v2\/media\/59552"}],"wp:attachment":[{"href":"https:\/\/www.radiopresidenteibanez.cl\/web\/wp-json\/wp\/v2\/media?parent=59551"}],"wp:term":[{"taxonomy":"category","embeddable":true,"href":"https:\/\/www.radiopresidenteibanez.cl\/web\/wp-json\/wp\/v2\/categories?post=59551"},{"taxonomy":"post_tag","embeddable":true,"href":"https:\/\/www.radiopresidenteibanez.cl\/web\/wp-json\/wp\/v2\/tags?post=59551"}],"curies":[{"name":"wp","href":"https:\/\/api.w.org\/{rel}","templated":true}]}}