{"id":59540,"date":"2025-10-18T10:52:00","date_gmt":"2025-10-18T13:52:00","guid":{"rendered":"https:\/\/www.radiopresidenteibanez.cl\/web\/?p=59540"},"modified":"2025-10-18T22:56:21","modified_gmt":"2025-10-19T01:56:21","slug":"gendarmeria-despidio-a-querido-y-destacado-ejemplar-canino","status":"publish","type":"post","link":"https:\/\/www.radiopresidenteibanez.cl\/web\/gendarmeria-despidio-a-querido-y-destacado-ejemplar-canino\/","title":{"rendered":"GENDARMER\u00cdA DESPIDI\u00d3 A QUERIDO Y DESTACADO EJEMPLAR CANINO"},"content":{"rendered":"\n<p>\u201cBuf\u00f3n\u201d fue un perro adoptado por ECA de Gendarmer\u00eda en 2014, a\u00f1o que ingres\u00f3 al servicio tras haber sido donado por el canil municipal de Punta Arenas cuando ya el can ten\u00eda un par de a\u00f1os de vida como perrito abandonado o extraviado.<\/p>\n\n\n\n<p>Como entendiendo la naturaleza de las funciones del que ser\u00eda su hogar definitivo, Buf\u00f3n comenz\u00f3 a mostrar evidentes dotes de vigilante, por lo que prontamente los gu\u00edas caninos del ECA lo comenzaron a llamar tambi\u00e9n como \u201cGuard\u00edan\u201d, su segundo nombre.<\/p>\n\n\n\n<p>As\u00ed, \u201cBuf\u00f3n-Guard\u00edan de Magallanes\u201d, comenz\u00f3 su adiestramiento como can de intervenci\u00f3n penal a cargo de su gu\u00eda, el cabo 2do. Yonny Villanueva Cort\u00e9s, con quien form\u00f3 dupla durante todos estos a\u00f1os, una etapa feliz en la vida de este perrito en la que recibi\u00f3 amor, atenci\u00f3n y cuidados a cambio de su servicio en la instituci\u00f3n.<\/p>\n\n\n\n<p>\u201cSe entreg\u00f3 d\u00f3cilmente para ser adiestrado pese a su temperamento fuerte, convirti\u00e9ndose en uno de nuestros ejemplares m\u00e1s especiales, lo que incluso signific\u00f3 que participara en las presentaciones p\u00fablicas que hace el ECA ante la comunidad\u201d, explic\u00f3 emocionado el cabo Villanueva, durante la ceremonia f\u00fanebre realizada en la unidad que fue su hogar por m\u00e1s de once a\u00f1os.<\/p>\n\n\n\n<p>As\u00ed, durante todo este tiempo, Buf\u00f3n-Guardi\u00e1n hizo honor a sus dos nombres, ya que, adem\u00e1s de su rol en la seguridad del Complejo Penitenciario de Punta Arenas, particip\u00f3 activamente en presentaciones p\u00fablicas representando a Gendarmer\u00eda frente a la comunidad por todo Magallanes, oportunidades en las que muchas personas pudieron conocer su lado amable y juguet\u00f3n hasta que lleg\u00f3 el momento de su baja del servicio, hace un par de a\u00f1os atr\u00e1s, producto de las condiciones de salud que comenzaron a comprometer su estado y bienestar cada vez m\u00e1s, pasando a estar en \u201cretiro\u201d y al cuidado del ECA hasta que dej\u00f3 de existir el pasado jueves.<\/p>\n\n\n\n<p>En una emotiva ceremonia encabezada por el director regional de la instituci\u00f3n, coronel Rodrigo Campusano Y\u00e1\u00f1ez, la autoridad manifest\u00f3 que se brind\u00f3 un homenaje f\u00fanebre a la altura de las funciones que cumpli\u00f3 este compa\u00f1ero de labores, que siempre se destac\u00f3 por su car\u00e1cter amable e inquebrantable obediencia. Un ejemplar que s\u00f3lo ped\u00eda cari\u00f1o y abrazos como remuneraci\u00f3n de su labor y que tuvo honor y lealtad hasta su \u00faltimo ladrido, por lo que ser\u00e1 recordado en Gendarmer\u00eda con gratitud y por ser un can leal de valiente coraz\u00f3n.<\/p>\n","protected":false},"excerpt":{"rendered":"<p>\u201cBuf\u00f3n\u201d fue un perro adoptado por ECA de Gendarmer\u00eda en 2014, a\u00f1o que ingres\u00f3 al servicio tras haber sido donado por el canil municipal de Punta Arenas cuando ya el&#8230; <a class=\"read-more\" href=\"https:\/\/www.radiopresidenteibanez.cl\/web\/gendarmeria-despidio-a-querido-y-destacado-ejemplar-canino\/\">Leer m\u00e1s<\/a><\/p>\n","protected":false},"author":2,"featured_media":59541,"comment_status":"closed","ping_status":"closed","sticky":false,"template":"","format":"standard","meta":{"footnotes":""},"categories":[1],"tags":[],"class_list":["post-59540","post","type-post","status-publish","format-standard","has-post-thumbnail","hentry","category-cronica"],"_links":{"self":[{"href":"https:\/\/www.radiopresidenteibanez.cl\/web\/wp-json\/wp\/v2\/posts\/59540","targetHints":{"allow":["GET"]}}],"collection":[{"href":"https:\/\/www.radiopresidenteibanez.cl\/web\/wp-json\/wp\/v2\/posts"}],"about":[{"href":"https:\/\/www.radiopresidenteibanez.cl\/web\/wp-json\/wp\/v2\/types\/post"}],"author":[{"embeddable":true,"href":"https:\/\/www.radiopresidenteibanez.cl\/web\/wp-json\/wp\/v2\/users\/2"}],"replies":[{"embeddable":true,"href":"https:\/\/www.radiopresidenteibanez.cl\/web\/wp-json\/wp\/v2\/comments?post=59540"}],"version-history":[{"count":0,"href":"https:\/\/www.radiopresidenteibanez.cl\/web\/wp-json\/wp\/v2\/posts\/59540\/revisions"}],"wp:featuredmedia":[{"embeddable":true,"href":"https:\/\/www.radiopresidenteibanez.cl\/web\/wp-json\/wp\/v2\/media\/59541"}],"wp:attachment":[{"href":"https:\/\/www.radiopresidenteibanez.cl\/web\/wp-json\/wp\/v2\/media?parent=59540"}],"wp:term":[{"taxonomy":"category","embeddable":true,"href":"https:\/\/www.radiopresidenteibanez.cl\/web\/wp-json\/wp\/v2\/categories?post=59540"},{"taxonomy":"post_tag","embeddable":true,"href":"https:\/\/www.radiopresidenteibanez.cl\/web\/wp-json\/wp\/v2\/tags?post=59540"}],"curies":[{"name":"wp","href":"https:\/\/api.w.org\/{rel}","templated":true}]}}