{"id":59528,"date":"2025-10-18T15:43:00","date_gmt":"2025-10-18T18:43:00","guid":{"rendered":"https:\/\/www.radiopresidenteibanez.cl\/web\/?p=59528"},"modified":"2025-10-18T22:37:21","modified_gmt":"2025-10-19T01:37:21","slug":"consejero-cardenas-califico-como-sorprendente-e-inaceptable-el-error-que-elevo-las-tarifas-electricas","status":"publish","type":"post","link":"https:\/\/www.radiopresidenteibanez.cl\/web\/consejero-cardenas-califico-como-sorprendente-e-inaceptable-el-error-que-elevo-las-tarifas-electricas\/","title":{"rendered":"Consejero C\u00e1rdenas calific\u00f3 como \u201csorprendente e inaceptable\u201d el error que elev\u00f3 las tarifas el\u00e9ctricas"},"content":{"rendered":"\n<p>El consejero regional y presidente del Partido Radical en Magallanes, Rodolfo C\u00e1rdenas, critic\u00f3 duramente el error de c\u00e1lculo que deriv\u00f3 en el alza de las tarifas el\u00e9ctricas a nivel nacional, calificando la situaci\u00f3n como \u201csorprendente e inaceptable\u201d, especialmente considerando que la regi\u00f3n no est\u00e1 conectada al sistema el\u00e9ctrico nacional.<\/p>\n\n\n\n<p>El representante fueguino record\u00f3 que el error reconocido por la Comisi\u00f3n Nacional de Energ\u00eda (CNE) duplic\u00f3 el efecto del IPC en los c\u00e1lculos tarifarios, generando cobros excesivos a miles de familias en el pa\u00eds. \u201cResulta fundamental conocer en detalle cu\u00e1les han sido los errores cometidos y adem\u00e1s establecer los responsables y los mecanismos para la devoluci\u00f3n y compensaci\u00f3n que corresponde tanto a los magall\u00e1nicos como a todos los chilenos\u201d, enfatiz\u00f3.<\/p>\n\n\n\n<p>C\u00e1rdenas asegur\u00f3 que, junto a Ver\u00f3nica Aguilar \u2013 ahora candidata a diputada -, hab\u00edan advertido sobre esta situaci\u00f3n meses atr\u00e1s, por lo que valor\u00f3 la decisi\u00f3n de la Contralor\u00eda de iniciar una investigaci\u00f3n que permita esclarecer lo ocurrido. \u201cEste trabajo ser\u00e1 clave para evitar que se sigan cometiendo estos abusos\u201d, indic\u00f3.<\/p>\n\n\n\n<p>El consejero agreg\u00f3 que tambi\u00e9n eval\u00faan presentar antecedentes ante la Fiscal\u00eda Nacional Econ\u00f3mica, con el objetivo de resguardar los derechos de los consumidores y usuarios del sistema el\u00e9ctrico en la regi\u00f3n. \u201cLos magall\u00e1nicos no podemos seguir pagando por errores ajenos ni ser tratados como si estuvi\u00e9ramos dentro del mismo sistema que el resto del pa\u00eds\u201d, sentenci\u00f3<\/p>\n","protected":false},"excerpt":{"rendered":"<p>El consejero regional y presidente del Partido Radical en Magallanes, Rodolfo C\u00e1rdenas, critic\u00f3 duramente el error de c\u00e1lculo que deriv\u00f3 en el alza de las tarifas el\u00e9ctricas a nivel nacional,&#8230; <a class=\"read-more\" href=\"https:\/\/www.radiopresidenteibanez.cl\/web\/consejero-cardenas-califico-como-sorprendente-e-inaceptable-el-error-que-elevo-las-tarifas-electricas\/\">Leer m\u00e1s<\/a><\/p>\n","protected":false},"author":2,"featured_media":59529,"comment_status":"closed","ping_status":"closed","sticky":false,"template":"","format":"standard","meta":{"footnotes":""},"categories":[1],"tags":[],"class_list":["post-59528","post","type-post","status-publish","format-standard","has-post-thumbnail","hentry","category-cronica"],"_links":{"self":[{"href":"https:\/\/www.radiopresidenteibanez.cl\/web\/wp-json\/wp\/v2\/posts\/59528","targetHints":{"allow":["GET"]}}],"collection":[{"href":"https:\/\/www.radiopresidenteibanez.cl\/web\/wp-json\/wp\/v2\/posts"}],"about":[{"href":"https:\/\/www.radiopresidenteibanez.cl\/web\/wp-json\/wp\/v2\/types\/post"}],"author":[{"embeddable":true,"href":"https:\/\/www.radiopresidenteibanez.cl\/web\/wp-json\/wp\/v2\/users\/2"}],"replies":[{"embeddable":true,"href":"https:\/\/www.radiopresidenteibanez.cl\/web\/wp-json\/wp\/v2\/comments?post=59528"}],"version-history":[{"count":0,"href":"https:\/\/www.radiopresidenteibanez.cl\/web\/wp-json\/wp\/v2\/posts\/59528\/revisions"}],"wp:featuredmedia":[{"embeddable":true,"href":"https:\/\/www.radiopresidenteibanez.cl\/web\/wp-json\/wp\/v2\/media\/59529"}],"wp:attachment":[{"href":"https:\/\/www.radiopresidenteibanez.cl\/web\/wp-json\/wp\/v2\/media?parent=59528"}],"wp:term":[{"taxonomy":"category","embeddable":true,"href":"https:\/\/www.radiopresidenteibanez.cl\/web\/wp-json\/wp\/v2\/categories?post=59528"},{"taxonomy":"post_tag","embeddable":true,"href":"https:\/\/www.radiopresidenteibanez.cl\/web\/wp-json\/wp\/v2\/tags?post=59528"}],"curies":[{"name":"wp","href":"https:\/\/api.w.org\/{rel}","templated":true}]}}