{"id":5939,"date":"2019-07-27T18:43:26","date_gmt":"2019-07-27T18:43:26","guid":{"rendered":"http:\/\/www.radiopresidenteibanez.cl\/web\/?p=5939"},"modified":"2019-07-27T18:43:47","modified_gmt":"2019-07-27T18:43:47","slug":"convenio-entre-economia-y-trabajo-permitira-capacitar-a-mipes-en-herramientas-digitales","status":"publish","type":"post","link":"https:\/\/www.radiopresidenteibanez.cl\/web\/convenio-entre-economia-y-trabajo-permitira-capacitar-a-mipes-en-herramientas-digitales\/","title":{"rendered":"CONVENIO ENTRE ECONOM\u00cdA Y TRABAJO PERMITIR\u00c1 CAPACITAR A MIPES EN HERRAMIENTAS DIGITALES"},"content":{"rendered":"\n<p>A partir de un\nconvenio de colaboraci\u00f3n suscrito esta ma\u00f1ana entre las Seremis del Trabajo y\nde Econom\u00eda de la regi\u00f3n de Magallanes, se dio el punta pie inicial a un\nprograma que permitir\u00e1 capacitar a un total de 150 personas \u2013entre empleadores\ny trabajadores- de micro y peque\u00f1as empresas de la regi\u00f3n, cuyo objetivo es\ninsertarlas en el mundo digital.<\/p>\n\n\n\n<p>El convenio se enmarca\nen el programa \u201cDigitaliza tu Pyme\u201d del Ministerio de Econom\u00eda y en la iniciativa\n\u201cDespega Mipe\u201d del Servicio Nacional de Capacitaci\u00f3n y Empleo (Sence), a trav\u00e9s\nde los cuales, este \u00faltimo otorgar\u00e1 la capacitaci\u00f3n necesaria a las empresas y\ntrabajadores que se inscriban.<\/p>\n\n\n\n<p>Seg\u00fan expuso la Seremi\ndel Trabajo y Previsi\u00f3n Social, Victoria Cort\u00e9s Schiattino, \u201ceste es un\nconvenio que va a beneficiar a 150 personas, entre empleadores y trabajadores.\nBuscamos siempre mejorar la empleabilidad y, adem\u00e1s, a trav\u00e9s de este convenio,\nlograr que las personas se acerquen y se adapten a esta nueva era que es el\nmundo de las empresas digitalizadas. En ese sentido, tenemos tres cursos que\nsignifican para Magallanes una inversi\u00f3n de m\u00e1s de 47 millones de pesos, de\nIngl\u00e9s B\u00e1sico, Herramientas en computaci\u00f3n y Administraci\u00f3n de servicios\ngastron\u00f3micos. Todav\u00eda tenemos cupos as\u00ed que el llamado a los interesados es a\ninscribirse\u201d.<\/p>\n\n\n\n<p>Teniendo en cuenta\nque, seg\u00fan informaci\u00f3n recogida por el Gobierno, un alto porcentaje de empresas\nde menor tama\u00f1o no han accedido a las herramientas digitales para potenciar sus\nnegocios, el objetivo de este convenio es facilitar su ingreso a la era de la\ndigitalizaci\u00f3n, adoptando las tecnolog\u00edas necesarias para potenciar sus\nnegocios.<\/p>\n\n\n\n<p>En palabras de la\nSeremi de Econom\u00eda, Fomento y Turismo, Natalia Easton Cortesi, \u201ccomo Ministerio\nde Econom\u00eda es muy importante poder tener este tipo de convenios de\ncolaboraci\u00f3n con el Ministerio del Trabajo, a trav\u00e9s de Sence, especialmente en\nel marco de este programa, &nbsp;\u201cDespega Mipe\u201d,\nque es uno de los grandes focos de trabajo del Presidente Sebasti\u00e1n Pi\u00f1era a\ntrav\u00e9s de nuestro ministerio y que tiene relaci\u00f3n con el fomento, el\ncrecimiento y fortalecimiento de las micro y peque\u00f1as empresas\u201d.<\/p>\n\n\n\n<p>Los cursos est\u00e1n\ndirigidos tanto a empleadores como a trabajadores, por lo que, de acuerdo a lo\ninformado, estos \u00faltimos pueden ingresar y capacitarse de manera independiente,\nsin la obligaci\u00f3n de que tambi\u00e9n lo haga su empleador.<\/p>\n\n\n\n<p>\u201cEl gobierno del\npresidente Sebasti\u00e1n Pi\u00f1era ha se\u00f1alado que, tanto los empleos como los\ntrabajos, tienen que adaptarse a esta nueva era y de esta forma esperamos que\neste sea un canal efectivo entre las necesidades de las empresas y de los\ntrabajadores de digitalizarse y actualizar sus conocimientos\u201d, agreg\u00f3 Cort\u00e9s.<\/p>\n\n\n\n<p>\u201cLo que buscamos es\nmejorar las capacitaciones, y en ese marco, darle herramientas a las empresas\npara que puedan mejorar su modelo de negocio, incrementar sus ventas y generar\nmayor desarrollo para la regi\u00f3n\u201d, zanj\u00f3 Easton.<\/p>\n\n\n\n<p>Respecto a la forma de\ninscripci\u00f3n, esta puede realizarse directamente a trav\u00e9s de la p\u00e1gina del\nMinisterio de Econom\u00eda o del sitio web de Sence, <a href=\"http:\/\/www.sence.cl\">www.sence.cl<\/a>\ny frente a cualquier duda, el llamado es&nbsp;\na acercarse a las oficinas de la Serem\u00eda del Trabajo, en Pedro Montt\nN\u00b0895 o directamente en la oficina de Sence, en Magallanes N\u00b0538, Punta Arenas.<\/p>\n","protected":false},"excerpt":{"rendered":"<p>A partir de un convenio de colaboraci\u00f3n suscrito esta ma\u00f1ana entre las Seremis del Trabajo y de Econom\u00eda de la regi\u00f3n de Magallanes, se dio el punta pie inicial a&#8230; <a class=\"read-more\" href=\"https:\/\/www.radiopresidenteibanez.cl\/web\/convenio-entre-economia-y-trabajo-permitira-capacitar-a-mipes-en-herramientas-digitales\/\">Leer m\u00e1s<\/a><\/p>\n","protected":false},"author":2,"featured_media":5940,"comment_status":"closed","ping_status":"closed","sticky":false,"template":"","format":"standard","meta":{"footnotes":""},"categories":[1],"tags":[],"class_list":["post-5939","post","type-post","status-publish","format-standard","has-post-thumbnail","hentry","category-cronica"],"_links":{"self":[{"href":"https:\/\/www.radiopresidenteibanez.cl\/web\/wp-json\/wp\/v2\/posts\/5939","targetHints":{"allow":["GET"]}}],"collection":[{"href":"https:\/\/www.radiopresidenteibanez.cl\/web\/wp-json\/wp\/v2\/posts"}],"about":[{"href":"https:\/\/www.radiopresidenteibanez.cl\/web\/wp-json\/wp\/v2\/types\/post"}],"author":[{"embeddable":true,"href":"https:\/\/www.radiopresidenteibanez.cl\/web\/wp-json\/wp\/v2\/users\/2"}],"replies":[{"embeddable":true,"href":"https:\/\/www.radiopresidenteibanez.cl\/web\/wp-json\/wp\/v2\/comments?post=5939"}],"version-history":[{"count":0,"href":"https:\/\/www.radiopresidenteibanez.cl\/web\/wp-json\/wp\/v2\/posts\/5939\/revisions"}],"wp:featuredmedia":[{"embeddable":true,"href":"https:\/\/www.radiopresidenteibanez.cl\/web\/wp-json\/wp\/v2\/media\/5940"}],"wp:attachment":[{"href":"https:\/\/www.radiopresidenteibanez.cl\/web\/wp-json\/wp\/v2\/media?parent=5939"}],"wp:term":[{"taxonomy":"category","embeddable":true,"href":"https:\/\/www.radiopresidenteibanez.cl\/web\/wp-json\/wp\/v2\/categories?post=5939"},{"taxonomy":"post_tag","embeddable":true,"href":"https:\/\/www.radiopresidenteibanez.cl\/web\/wp-json\/wp\/v2\/tags?post=5939"}],"curies":[{"name":"wp","href":"https:\/\/api.w.org\/{rel}","templated":true}]}}