{"id":5936,"date":"2019-07-27T18:39:21","date_gmt":"2019-07-27T18:39:21","guid":{"rendered":"http:\/\/www.radiopresidenteibanez.cl\/web\/?p=5936"},"modified":"2019-07-27T18:39:30","modified_gmt":"2019-07-27T18:39:30","slug":"gran-final-del-concurso-de-dibujo-500-anos-del-descubrimiento-del-estrecho-de-magallanes","status":"publish","type":"post","link":"https:\/\/www.radiopresidenteibanez.cl\/web\/gran-final-del-concurso-de-dibujo-500-anos-del-descubrimiento-del-estrecho-de-magallanes\/","title":{"rendered":"GRAN FINAL DEL CONCURSO DE DIBUJO #500 A\u00d1OS DEL DESCUBRIMIENTO DEL ESTRECHO DE MAGALLANES"},"content":{"rendered":"\n<p>Luego de un mes en competencia y con la participaci\u00f3n\nde m\u00e1s de 350 alumnos de distintos colegios de la regi\u00f3n, hoy se conocieron a\nlos ganadores del concurso de dibujo que organiz\u00f3 el centro comercial en\nconjunto con la Ilustre Municipalidad de Punta Arenas.<\/p>\n\n\n\n<p>Tras la preselecci\u00f3n de finalistas realizada por los\nvecinos y vecinas de Punta Arenas, el jurado compuesto por alcalde de la\ncomuna, Claudio Radonich, el Jefe del Departamento de Educaci\u00f3n Extraescolar de\nCormupa, Enrique Esparza y la representante de Espacio Urbano, Yoseline\nBlatter, defini\u00f3 a los nueve participantes que resultaron ganadores. <\/p>\n\n\n\n<p>\u201cEstamos muy sorprendidos por la cantidad de ni\u00f1os y\nj\u00f3venes que llegaron al centro comercial a realizar sus dibujos. Esperamos\npoder repetir iniciativas como estas, es muy importante contar con espacios para\nmostrar el talento de nuestros ni\u00f1os y fomentar la cultura en la regi\u00f3n\u201d\ncoment\u00f3 el Alcalde de la Municipalidad de Punta Arenas, Claudio Radonich.<\/p>\n\n\n\n<p>En la primera categor\u00eda, compuesta por alumnos de\nprimero a cuarto b\u00e1sico, Tom\u00e1s Noria (1\u00b0), Antonella Casas (2\u00b0) y Josefina\nVicencio (3\u00b0) obtuvieron los tres primeros lugares por sus dibujos que buscaban\nrepresentar lo que significa para ellos el descubrimiento del Estrecho de\nMagallanes.<\/p>\n\n\n\n<p>Como ganadores del segundo ciclo, de quinto a octavo\nb\u00e1sico, Ninoska Caro (1\u00b0), Bel\u00e9n Toro (2\u00b0) y Valentina Briones (3\u00b0), lograron\ncautivar con sus dibujos a cada uno de los representantes del jurado. Mientras\nque, en la categor\u00eda de ense\u00f1anza media, los nombres elegidos fueron Martina\nRojas (1\u00b0), Mat\u00edas Marshant (2\u00b0) y Fernanda \u00c1valo (3\u00b0). <\/p>\n\n\n\n<p>\u201cM\u00e1s de 350 ni\u00f1os y j\u00f3venes de Punta Arenas de\nprimero b\u00e1sico a cuarto medio, dibujaron y llenaron de color nuestro Espacio\n360, un programa que hacemos por y para la comunidad. Estamos muy felices por\nlos resultados, hoy fue una jornada muy especial, en donde la familia se volvi\u00f3\na reunir en una actividad did\u00e1ctica, cultural y entretenida\u201d, afirm\u00f3 la representante\nde Espacio Urbano, Yoseline Blatter.<\/p>\n\n\n\n<p>Los dibujos que resultaron ganadores recibieron como\npremio distintos sets de dibujos que incluyen croqueras, l\u00e1pices, estuches,\nblocks, entre otros.<\/p>\n","protected":false},"excerpt":{"rendered":"<p>Luego de un mes en competencia y con la participaci\u00f3n de m\u00e1s de 350 alumnos de distintos colegios de la regi\u00f3n, hoy se conocieron a los ganadores del concurso de&#8230; <a class=\"read-more\" href=\"https:\/\/www.radiopresidenteibanez.cl\/web\/gran-final-del-concurso-de-dibujo-500-anos-del-descubrimiento-del-estrecho-de-magallanes\/\">Leer m\u00e1s<\/a><\/p>\n","protected":false},"author":2,"featured_media":5937,"comment_status":"closed","ping_status":"closed","sticky":false,"template":"","format":"standard","meta":{"footnotes":""},"categories":[1],"tags":[],"class_list":["post-5936","post","type-post","status-publish","format-standard","has-post-thumbnail","hentry","category-cronica"],"_links":{"self":[{"href":"https:\/\/www.radiopresidenteibanez.cl\/web\/wp-json\/wp\/v2\/posts\/5936","targetHints":{"allow":["GET"]}}],"collection":[{"href":"https:\/\/www.radiopresidenteibanez.cl\/web\/wp-json\/wp\/v2\/posts"}],"about":[{"href":"https:\/\/www.radiopresidenteibanez.cl\/web\/wp-json\/wp\/v2\/types\/post"}],"author":[{"embeddable":true,"href":"https:\/\/www.radiopresidenteibanez.cl\/web\/wp-json\/wp\/v2\/users\/2"}],"replies":[{"embeddable":true,"href":"https:\/\/www.radiopresidenteibanez.cl\/web\/wp-json\/wp\/v2\/comments?post=5936"}],"version-history":[{"count":0,"href":"https:\/\/www.radiopresidenteibanez.cl\/web\/wp-json\/wp\/v2\/posts\/5936\/revisions"}],"wp:featuredmedia":[{"embeddable":true,"href":"https:\/\/www.radiopresidenteibanez.cl\/web\/wp-json\/wp\/v2\/media\/5937"}],"wp:attachment":[{"href":"https:\/\/www.radiopresidenteibanez.cl\/web\/wp-json\/wp\/v2\/media?parent=5936"}],"wp:term":[{"taxonomy":"category","embeddable":true,"href":"https:\/\/www.radiopresidenteibanez.cl\/web\/wp-json\/wp\/v2\/categories?post=5936"},{"taxonomy":"post_tag","embeddable":true,"href":"https:\/\/www.radiopresidenteibanez.cl\/web\/wp-json\/wp\/v2\/tags?post=5936"}],"curies":[{"name":"wp","href":"https:\/\/api.w.org\/{rel}","templated":true}]}}