{"id":5933,"date":"2019-07-27T18:34:30","date_gmt":"2019-07-27T18:34:30","guid":{"rendered":"http:\/\/www.radiopresidenteibanez.cl\/web\/?p=5933"},"modified":"2019-07-27T18:34:44","modified_gmt":"2019-07-27T18:34:44","slug":"doce-vecinos-del-programa-de-desarrollo-local-son-beneficiados-con-la-entrega-de-subsidios-y-maquinarias","status":"publish","type":"post","link":"https:\/\/www.radiopresidenteibanez.cl\/web\/doce-vecinos-del-programa-de-desarrollo-local-son-beneficiados-con-la-entrega-de-subsidios-y-maquinarias\/","title":{"rendered":"DOCE VECINOS DEL PROGRAMA DE DESARROLLO LOCAL SON BENEFICIADOS CON LA ENTREGA DE SUBSIDIOS Y MAQUINARIAS"},"content":{"rendered":"\n<p>En la sala de reuniones del\nInstituto de Desarrollo Agropecuario de Puerto Natales, se desarroll\u00f3 la\nceremonia de entrega de maquinaria agr\u00edcola y fondos para subsidiar a usuarios\nque tienen emprendimientos silvoagropecuarios, financiando la construcci\u00f3n de\ngallineros, compra de insumos agr\u00edcolas y materiales para la construcci\u00f3n de\ninvernaderos. <\/p>\n\n\n\n<p>Este apoyo busca facilitar el\ndesarrollo del trabajo agr\u00edcola desarrollado en los predios de los vecinos,\npermitiendo disminuir los esfuerzos f\u00edsicos, automatizando procesos de cosecha\ny siembra. <\/p>\n\n\n\n<p>La m\u00e1xima autoridad comunal, Fernando\nParedes Mansilla reafirm\u00f3 el compromiso que tienen hace m\u00e1s de diez a\u00f1os con\nIndap para seguir aprobando fondos y convenios para dar forma al Programa de\nDesarrollo Local. \u201cHoy d\u00eda se est\u00e1n entregando maquinarias que modernizan la\nactividad que ellos ejercen, tanto en el sector de Dorotea, como en los Huertos\nFamiliares y que al final del d\u00eda esto se ve reflejado en que los productos van\na estar siendo consumidos por la misma comunidad natalina\u201d. Asimismo, el edil\ndestac\u00f3 que aqu\u00ed gana el desarrollo de Puerto Natales, d\u00e1ndoles m\u00e1s\nherramientas a los huerteros, sostuvo.<\/p>\n\n\n\n<p>En tanto, la gobernadora de\n\u00daltima Esperanza, Ana Mayorga Bahamonde, subray\u00f3 que con estos proyectos se\nbeneficia directamente a personas que diariamente cultivan con esfuerzo nuestra\ntierra. \u201cAqu\u00ed hay un convenio que se ha realizado entre Indap, Prodesal, el\nmunicipio, pero tambi\u00e9n hay fondos del Gobierno Regional y en eso se agradece a\ncada uno de los consejeros que siguen apoyando este tipo de iniciativas y como\ngobierno estamos muy contentos de que hoy d\u00eda est\u00e9n ellos actualiz\u00e1ndose,\ncapacit\u00e1ndose, cambiando su tecnolog\u00eda para poder producir y cultivar\u201d.<\/p>\n\n\n\n<p>En la misma l\u00ednea, el director\nregional de Instituto de Desarrollo Agropecuario, Petar Bradasic se mostr\u00f3\ncontento por poder apoyar con el financiamiento de estas maquinarias y\nmejoramientos, enfatizando que quieren seguir aportando a m\u00e1s sectores de la\ncomuna. \u201cEn estos tiempos la modernidad tiene que llegar a Natales porque es\nuna profesionalizaci\u00f3n m\u00e1s de nuestros agricultores en que les aliviamos el\ntrabajo y les damos una oportunidad de crecer\u201d, indic\u00f3 el director. <\/p>\n\n\n\n<p>Los vecinos beneficiados\nagradecieron &nbsp;la gesti\u00f3n realizada por la\nDirecci\u00f3n de Desarrollo Local de la municipalidad y a la gobernaci\u00f3n mediante\nIndap Magallanes, ya que con esta m\u00e1quina podr\u00e1n dejar de usar la guada\u00f1a y\notras herramientas b\u00e1sicas.<\/p>\n","protected":false},"excerpt":{"rendered":"<p>En la sala de reuniones del Instituto de Desarrollo Agropecuario de Puerto Natales, se desarroll\u00f3 la ceremonia de entrega de maquinaria agr\u00edcola y fondos para subsidiar a usuarios que tienen&#8230; <a class=\"read-more\" href=\"https:\/\/www.radiopresidenteibanez.cl\/web\/doce-vecinos-del-programa-de-desarrollo-local-son-beneficiados-con-la-entrega-de-subsidios-y-maquinarias\/\">Leer m\u00e1s<\/a><\/p>\n","protected":false},"author":2,"featured_media":5934,"comment_status":"closed","ping_status":"closed","sticky":false,"template":"","format":"standard","meta":{"footnotes":""},"categories":[1],"tags":[],"class_list":["post-5933","post","type-post","status-publish","format-standard","has-post-thumbnail","hentry","category-cronica"],"_links":{"self":[{"href":"https:\/\/www.radiopresidenteibanez.cl\/web\/wp-json\/wp\/v2\/posts\/5933","targetHints":{"allow":["GET"]}}],"collection":[{"href":"https:\/\/www.radiopresidenteibanez.cl\/web\/wp-json\/wp\/v2\/posts"}],"about":[{"href":"https:\/\/www.radiopresidenteibanez.cl\/web\/wp-json\/wp\/v2\/types\/post"}],"author":[{"embeddable":true,"href":"https:\/\/www.radiopresidenteibanez.cl\/web\/wp-json\/wp\/v2\/users\/2"}],"replies":[{"embeddable":true,"href":"https:\/\/www.radiopresidenteibanez.cl\/web\/wp-json\/wp\/v2\/comments?post=5933"}],"version-history":[{"count":0,"href":"https:\/\/www.radiopresidenteibanez.cl\/web\/wp-json\/wp\/v2\/posts\/5933\/revisions"}],"wp:featuredmedia":[{"embeddable":true,"href":"https:\/\/www.radiopresidenteibanez.cl\/web\/wp-json\/wp\/v2\/media\/5934"}],"wp:attachment":[{"href":"https:\/\/www.radiopresidenteibanez.cl\/web\/wp-json\/wp\/v2\/media?parent=5933"}],"wp:term":[{"taxonomy":"category","embeddable":true,"href":"https:\/\/www.radiopresidenteibanez.cl\/web\/wp-json\/wp\/v2\/categories?post=5933"},{"taxonomy":"post_tag","embeddable":true,"href":"https:\/\/www.radiopresidenteibanez.cl\/web\/wp-json\/wp\/v2\/tags?post=5933"}],"curies":[{"name":"wp","href":"https:\/\/api.w.org\/{rel}","templated":true}]}}