{"id":593,"date":"2019-01-18T18:23:32","date_gmt":"2019-01-18T18:23:32","guid":{"rendered":"http:\/\/www.radiopresidenteibanez.cl\/web\/?p=593"},"modified":"2019-01-18T18:23:48","modified_gmt":"2019-01-18T18:23:48","slug":"sercotec-abre-convocatoria-para-agentes-operadores-en-magallanes","status":"publish","type":"post","link":"https:\/\/www.radiopresidenteibanez.cl\/web\/sercotec-abre-convocatoria-para-agentes-operadores-en-magallanes\/","title":{"rendered":"SERCOTEC ABRE CONVOCATORIA PARA AGENTES OPERADORES EN MAGALLANES"},"content":{"rendered":"\n<p>El Servicio de Cooperaci\u00f3n T\u00e9cnica,\nSercotec, abre una nueva convocatoria p\u00fablica para seleccionar agentes que\noperen programas de fomento de esta instituci\u00f3n en la Regi\u00f3n Magallanes y\nAnt\u00e1rtica Chilena.<\/p>\n\n\n\n<p>Este nuevo llamado se orienta a\nasociaciones gremiales, sociedades, fundaciones, cooperativas, entre otros, que\nposean capacidades t\u00e9cnicas y experiencia en fomento productivo y apoyo a las\nempresas de menor tama\u00f1o, conocimiento del desarrollo econ\u00f3mico y productivo\nregional, adem\u00e1s de respaldo financiero para la adecuada implementaci\u00f3n de los\nproyectos.<\/p>\n\n\n\n<p>Los agentes operadores son entidades habilitadas\npara operar programas de Sercotec. Su funci\u00f3n es apoyar y multiplicar los\nesfuerzos de esta instituci\u00f3n en la atenci\u00f3n a empresas y emprendedores, con el\nfin de maximizar el impacto de los fondos p\u00fablicos en las actividades\necon\u00f3micas de cada regi\u00f3n. <\/p>\n\n\n\n<p>La directora de Sercotec, Mar\u00eda Soledad\nSolo de Zaldivar, llam\u00f3 a las personas jur\u00eddicas de derecho p\u00fablico o privado a\npostular a esta convocatoria y afirm\u00f3 que \u201cquiero hacer la invitaci\u00f3n a todas\nlas personas jur\u00eddicas de derecho p\u00fablico o privado a postular como agentes\npara apoyar todas las operaciones de los programas de fomento productivo de\nSercotec. Las postulaciones se encuentran en estos momentos abiertas, van a\nestar hasta el d\u00eda 25 de febrero a las 15 horas y para postular deben ingresar\na la p\u00e1gina web <a href=\"http:\/\/www.sercotec.cl\">www.sercotec.cl<\/a>\u201d.\n<\/p>\n\n\n\n<p>La convocatoria responde al objetivo de\nSercotec de fortalecer sus servicios de acompa\u00f1amiento y seguimiento, a trav\u00e9s\nde una red implementada que suma 66 agentes operadores a lo largo del pa\u00eds,\nencargados de apoyar la gesti\u00f3n y operaci\u00f3n de los programas de fomento.<\/p>\n\n\n\n<p>Para m\u00e1s informaci\u00f3n ingresa a <a href=\"http:\/\/www.sercotec.cl\">www.sercotec.cl<\/a> y podr\u00e1s revisar\ndetalladamente las bases de esta convocatoria.<\/p>\n","protected":false},"excerpt":{"rendered":"<p>El Servicio de Cooperaci\u00f3n T\u00e9cnica, Sercotec, abre una nueva convocatoria p\u00fablica para seleccionar agentes que operen programas de fomento de esta instituci\u00f3n en la Regi\u00f3n Magallanes y Ant\u00e1rtica Chilena. Este&#8230; <a class=\"read-more\" href=\"https:\/\/www.radiopresidenteibanez.cl\/web\/sercotec-abre-convocatoria-para-agentes-operadores-en-magallanes\/\">Leer m\u00e1s<\/a><\/p>\n","protected":false},"author":2,"featured_media":594,"comment_status":"closed","ping_status":"closed","sticky":false,"template":"","format":"standard","meta":{"footnotes":""},"categories":[1],"tags":[],"class_list":["post-593","post","type-post","status-publish","format-standard","has-post-thumbnail","hentry","category-cronica"],"_links":{"self":[{"href":"https:\/\/www.radiopresidenteibanez.cl\/web\/wp-json\/wp\/v2\/posts\/593","targetHints":{"allow":["GET"]}}],"collection":[{"href":"https:\/\/www.radiopresidenteibanez.cl\/web\/wp-json\/wp\/v2\/posts"}],"about":[{"href":"https:\/\/www.radiopresidenteibanez.cl\/web\/wp-json\/wp\/v2\/types\/post"}],"author":[{"embeddable":true,"href":"https:\/\/www.radiopresidenteibanez.cl\/web\/wp-json\/wp\/v2\/users\/2"}],"replies":[{"embeddable":true,"href":"https:\/\/www.radiopresidenteibanez.cl\/web\/wp-json\/wp\/v2\/comments?post=593"}],"version-history":[{"count":0,"href":"https:\/\/www.radiopresidenteibanez.cl\/web\/wp-json\/wp\/v2\/posts\/593\/revisions"}],"wp:featuredmedia":[{"embeddable":true,"href":"https:\/\/www.radiopresidenteibanez.cl\/web\/wp-json\/wp\/v2\/media\/594"}],"wp:attachment":[{"href":"https:\/\/www.radiopresidenteibanez.cl\/web\/wp-json\/wp\/v2\/media?parent=593"}],"wp:term":[{"taxonomy":"category","embeddable":true,"href":"https:\/\/www.radiopresidenteibanez.cl\/web\/wp-json\/wp\/v2\/categories?post=593"},{"taxonomy":"post_tag","embeddable":true,"href":"https:\/\/www.radiopresidenteibanez.cl\/web\/wp-json\/wp\/v2\/tags?post=593"}],"curies":[{"name":"wp","href":"https:\/\/api.w.org\/{rel}","templated":true}]}}