{"id":5929,"date":"2019-07-26T21:24:11","date_gmt":"2019-07-26T21:24:11","guid":{"rendered":"http:\/\/www.radiopresidenteibanez.cl\/web\/?p=5929"},"modified":"2019-07-26T21:25:00","modified_gmt":"2019-07-26T21:25:00","slug":"concejala-veronica-aguilar-hace-un-llamado-al-alcalde-radonich-a-aceptar-y-realizar-consulta-ciudadana-a-la-brevedad-esto-con-respecto-al-proyecto-vial-de-la-ruta-9-norte","status":"publish","type":"post","link":"https:\/\/www.radiopresidenteibanez.cl\/web\/concejala-veronica-aguilar-hace-un-llamado-al-alcalde-radonich-a-aceptar-y-realizar-consulta-ciudadana-a-la-brevedad-esto-con-respecto-al-proyecto-vial-de-la-ruta-9-norte\/","title":{"rendered":"CONCEJALA VER\u00d3NICA AGUILAR HACE UN LLAMADO AL ALCALDE RADONICH A ACEPTAR Y REALIZAR CONSULTA CIUDADANA A LA BREVEDAD. ESTO CON RESPECTO AL PROYECTO VIAL DE LA RUTA 9 NORTE"},"content":{"rendered":"\n<p>Hace un par de semanas,&nbsp;\nfue discutido en la comisi\u00f3n de participaci\u00f3n ciudadana que preside la concejala\nver\u00f3nica Aguilar, el proyecto que el ministerio de obras p\u00fablicas pretende\nrealizar en la ruta 9 norte, mal denominado paso de la muerte y que seg\u00fan se ha\ninformado costara m\u00e1s de 22 mil millones de pesos.<\/p>\n\n\n\n<p>Proyecto que no cuenta con un estudio de viento y que seg\u00fan\nlos ingenieros que expusieron en el Concejo hace un a\u00f1o se\u00f1alaban que con m\u00e1s\nde 60 kil\u00f3metros de viento esta pasarela deb\u00eda permanecer cerrada.<\/p>\n\n\n\n<p>La iniciativa ha sido rechazada por el Concejo comunal, y\ntambi\u00e9n por parte importante del Consejo Regional, por los altos costos y\nporque no da garant\u00eda que sea la soluci\u00f3n para el nudo vial que afecta a la\nzona.<\/p>\n\n\n\n<p>De esta forma y esperando que se escuche a los vecinos y\nvecinas, es que la concejala ver\u00f3nica Aguilar solicito formalmente al alcalde\nque acepte la propuesta de la comisi\u00f3n y realice a la brevedad una consulta\nciudadana en la comuna, para escuchar a la comunidad su opini\u00f3n al respecto.<\/p>\n\n\n\n<p>\u201cCreo necesario realizar esta iniciativa, se debe escuchar\nla opini\u00f3n de los vecinos y vecinas, este proyecto es un riesgo ambiental, por\nestar cerca de nuestro humedal, los montos son muy excesivos, comparado con los\nproyectos similares en otras regiones\u201d, se\u00f1alo la concejala ver\u00f3nica Aguilar.<\/p>\n\n\n\n<p>Agrego que \u201ces por esto que he solicitado al alcalde, y le\nhago un llamado p\u00fablico a que acepte esta propuesta y realice esta consulta a\nla brevedad, no podemos seguir esperando\u201d.<\/p>\n","protected":false},"excerpt":{"rendered":"<p>Hace un par de semanas,&nbsp; fue discutido en la comisi\u00f3n de participaci\u00f3n ciudadana que preside la concejala ver\u00f3nica Aguilar, el proyecto que el ministerio de obras p\u00fablicas pretende realizar en&#8230; <a class=\"read-more\" href=\"https:\/\/www.radiopresidenteibanez.cl\/web\/concejala-veronica-aguilar-hace-un-llamado-al-alcalde-radonich-a-aceptar-y-realizar-consulta-ciudadana-a-la-brevedad-esto-con-respecto-al-proyecto-vial-de-la-ruta-9-norte\/\">Leer m\u00e1s<\/a><\/p>\n","protected":false},"author":2,"featured_media":5930,"comment_status":"closed","ping_status":"closed","sticky":false,"template":"","format":"standard","meta":{"footnotes":""},"categories":[1],"tags":[],"class_list":["post-5929","post","type-post","status-publish","format-standard","has-post-thumbnail","hentry","category-cronica"],"_links":{"self":[{"href":"https:\/\/www.radiopresidenteibanez.cl\/web\/wp-json\/wp\/v2\/posts\/5929","targetHints":{"allow":["GET"]}}],"collection":[{"href":"https:\/\/www.radiopresidenteibanez.cl\/web\/wp-json\/wp\/v2\/posts"}],"about":[{"href":"https:\/\/www.radiopresidenteibanez.cl\/web\/wp-json\/wp\/v2\/types\/post"}],"author":[{"embeddable":true,"href":"https:\/\/www.radiopresidenteibanez.cl\/web\/wp-json\/wp\/v2\/users\/2"}],"replies":[{"embeddable":true,"href":"https:\/\/www.radiopresidenteibanez.cl\/web\/wp-json\/wp\/v2\/comments?post=5929"}],"version-history":[{"count":0,"href":"https:\/\/www.radiopresidenteibanez.cl\/web\/wp-json\/wp\/v2\/posts\/5929\/revisions"}],"wp:featuredmedia":[{"embeddable":true,"href":"https:\/\/www.radiopresidenteibanez.cl\/web\/wp-json\/wp\/v2\/media\/5930"}],"wp:attachment":[{"href":"https:\/\/www.radiopresidenteibanez.cl\/web\/wp-json\/wp\/v2\/media?parent=5929"}],"wp:term":[{"taxonomy":"category","embeddable":true,"href":"https:\/\/www.radiopresidenteibanez.cl\/web\/wp-json\/wp\/v2\/categories?post=5929"},{"taxonomy":"post_tag","embeddable":true,"href":"https:\/\/www.radiopresidenteibanez.cl\/web\/wp-json\/wp\/v2\/tags?post=5929"}],"curies":[{"name":"wp","href":"https:\/\/api.w.org\/{rel}","templated":true}]}}