{"id":5926,"date":"2019-07-26T02:46:14","date_gmt":"2019-07-26T02:46:14","guid":{"rendered":"http:\/\/www.radiopresidenteibanez.cl\/web\/?p=5926"},"modified":"2019-07-26T02:46:33","modified_gmt":"2019-07-26T02:46:33","slug":"raly-barrionuevo-los-tres-felipe-avello-podrian-ser-parte-de-una-nueva-version-del-festival-de-la-patagonia","status":"publish","type":"post","link":"https:\/\/www.radiopresidenteibanez.cl\/web\/raly-barrionuevo-los-tres-felipe-avello-podrian-ser-parte-de-una-nueva-version-del-festival-de-la-patagonia\/","title":{"rendered":"RALY BARRIONUEVO, LOS TRES, FELIPE AVELLO PODR\u00cdAN SER PARTE DE UNA NUEVA VERSI\u00d3N DEL FESTIVAL DE LA PATAGONIA"},"content":{"rendered":"\n<p>Queda menos de un mes para el Festival en la Patagonia 2019 y ya comienzan los rumores de artistas que pisar\u00e1n el escenario Alfonso \u201cCocho\u201d C\u00e1rcamo, recordar que el a\u00f1o anterior se presentaron, Mar\u00eda Jos\u00e9 Quintanilla, Los V\u00e1squez, Nahuel Penissi, Illapu, entre otros.<\/p>\n\n\n\n<p><strong><em>RUMORES<\/em><\/strong><\/p>\n\n\n\n<p>Del 22 al 24 de agosto se realizar\u00e1 el Festival de la Patagonia donde a\u00fan se desconoce el lugar donde se realizar\u00e1 y el valor de las entradas junto al sistema de venta, pero los artistas que podr\u00edan llegar hasta Punta Arenas, ser\u00edan los argentinos; Raly Barrionuevo, Los Pericos, Polo Rom\u00e1n y los Chalchaleros, mientras que se sumaria la banda nacional Los Tres y en el humor Felipe Avello. Estos junto al resto de los artistas que completar\u00e1n la parrilla festivalera deber\u00edan ser confirmado en las pr\u00f3ximas horas, por parte del alcalde, concejo municipal y equipo de trabajo.<\/p>\n\n\n\n<p>Fuente: Estaci\u00f3n Sur<\/p>\n","protected":false},"excerpt":{"rendered":"<p>Queda menos de un mes para el Festival en la Patagonia 2019 y ya comienzan los rumores de artistas que pisar\u00e1n el escenario Alfonso \u201cCocho\u201d C\u00e1rcamo, recordar que el a\u00f1o&#8230; <a class=\"read-more\" href=\"https:\/\/www.radiopresidenteibanez.cl\/web\/raly-barrionuevo-los-tres-felipe-avello-podrian-ser-parte-de-una-nueva-version-del-festival-de-la-patagonia\/\">Leer m\u00e1s<\/a><\/p>\n","protected":false},"author":2,"featured_media":5927,"comment_status":"closed","ping_status":"closed","sticky":false,"template":"","format":"standard","meta":{"footnotes":""},"categories":[4],"tags":[],"class_list":["post-5926","post","type-post","status-publish","format-standard","has-post-thumbnail","hentry","category-entretenimiento-y-cultura"],"_links":{"self":[{"href":"https:\/\/www.radiopresidenteibanez.cl\/web\/wp-json\/wp\/v2\/posts\/5926","targetHints":{"allow":["GET"]}}],"collection":[{"href":"https:\/\/www.radiopresidenteibanez.cl\/web\/wp-json\/wp\/v2\/posts"}],"about":[{"href":"https:\/\/www.radiopresidenteibanez.cl\/web\/wp-json\/wp\/v2\/types\/post"}],"author":[{"embeddable":true,"href":"https:\/\/www.radiopresidenteibanez.cl\/web\/wp-json\/wp\/v2\/users\/2"}],"replies":[{"embeddable":true,"href":"https:\/\/www.radiopresidenteibanez.cl\/web\/wp-json\/wp\/v2\/comments?post=5926"}],"version-history":[{"count":0,"href":"https:\/\/www.radiopresidenteibanez.cl\/web\/wp-json\/wp\/v2\/posts\/5926\/revisions"}],"wp:featuredmedia":[{"embeddable":true,"href":"https:\/\/www.radiopresidenteibanez.cl\/web\/wp-json\/wp\/v2\/media\/5927"}],"wp:attachment":[{"href":"https:\/\/www.radiopresidenteibanez.cl\/web\/wp-json\/wp\/v2\/media?parent=5926"}],"wp:term":[{"taxonomy":"category","embeddable":true,"href":"https:\/\/www.radiopresidenteibanez.cl\/web\/wp-json\/wp\/v2\/categories?post=5926"},{"taxonomy":"post_tag","embeddable":true,"href":"https:\/\/www.radiopresidenteibanez.cl\/web\/wp-json\/wp\/v2\/tags?post=5926"}],"curies":[{"name":"wp","href":"https:\/\/api.w.org\/{rel}","templated":true}]}}