{"id":5922,"date":"2019-07-25T14:41:19","date_gmt":"2019-07-25T14:41:19","guid":{"rendered":"http:\/\/www.radiopresidenteibanez.cl\/web\/?p=5922"},"modified":"2019-07-25T14:41:34","modified_gmt":"2019-07-25T14:41:34","slug":"transversal-aprobacion-en-el-senado-a-creacion-del-servicio-de-biodiversidad-y-areas-protegidas","status":"publish","type":"post","link":"https:\/\/www.radiopresidenteibanez.cl\/web\/transversal-aprobacion-en-el-senado-a-creacion-del-servicio-de-biodiversidad-y-areas-protegidas\/","title":{"rendered":"TRANSVERSAL APROBACI\u00d3N EN EL SENADO A CREACI\u00d3N DEL SERVICIO DE BIODIVERSIDAD Y \u00c1REAS PROTEGIDAS"},"content":{"rendered":"\n<p>Luego\nde dos jornadas de discusi\u00f3n, este mi\u00e9rcoles 24 de julio el Senado aprob\u00f3\nel Proyecto de Ley que crea el Servicio de Biodiversidad y \u00c1reas Protegidas, el\nque velar\u00e1 por el cuidado y gesti\u00f3n de la biodiversidad en el pa\u00eds. Entre otros\ninstrumentos, tendr\u00e1 a su cargo la gesti\u00f3n de un Sistema Nacional de \u00c1reas\nProtegidas, que considerar\u00e1 todas las \u00e1reas protegidas del Estado, tanto\nterrestres como marinas, actualmente dispersas en cinco ministerios.<\/p>\n\n\n\n<p>\u201cEstamos muy orgullosos, ya que despu\u00e9s de 8 a\u00f1os de tramitaci\u00f3n, hemos\naprobado en la Sala del Senado la creaci\u00f3n del SBAP, clave para completar la\ninstitucionalidad ambiental de Chile, y permitir e impulsar un desarrollo\nsustentable. La gesti\u00f3n integral de nuestras \u00e1reas protegidas terrestres y\nmarinas es fundamental para el cuidado de nuestro patrimonio natural. Tenemos\nque acabar con esta divisi\u00f3n burocr\u00e1tica y administrativa que dificulta el\ncuidado y gesti\u00f3n en terreno de nuestra biodiversidad y que no responde a la\nl\u00f3gica ecosist\u00e9mica\u201d, afirm\u00f3 la Ministra del Medio Ambiente, Carolina Schmidt.<\/p>\n\n\n\n<p>La aprobaci\u00f3n en sala se produjo con la votaci\u00f3n separada de algunos\nart\u00edculos, los que finalmente fueron aprobados, por lo que el proyecto contin\u00faa\nsu tramitaci\u00f3n \u00edntegramente en la comisi\u00f3n de Medio Ambiente de la C\u00e1mara de\nDiputados.<\/p>\n\n\n\n<p>Por\nsu parte, el Seremi del Medio Ambiente, Eduardo Schiappacasse, destac\u00f3\nque la iniciativa permitir\u00e1 mejorar significativamente el financiamiento de las\n\u00e1reas protegidas y las necesidades hist\u00f3ricas de la Regi\u00f3n de Magallanes y de\nla Ant\u00e1rtica, cuyo 56,7 % de superficie terrestre cuenta con alg\u00fan nivel de\nprotecci\u00f3n. \u201cChile es uno de los pa\u00edses que menos recursos invierte en cuidar\nsus \u00e1reas protegidas (menos de 2 d\u00f3lares por hect\u00e1rea), y el SBAP generar\u00e1 un\nsalto importante en el presupuesto destinado a la conservaci\u00f3n de nuestro\npatrimonio natural, haci\u00e9ndolo crecer desde $15.000 millones a cerca de $38.000\nmillones\u201d, indic\u00f3.<\/p>\n\n\n\n<p>Adem\u00e1s, la autoridad regional\nexplic\u00f3 que el principal instrumento ser\u00e1 la administraci\u00f3n de un sistema\nnacional de \u00e1reas protegidas, que considerar\u00e1 todas las \u00e1reas protegidas del\nEstado, actualmente dispersas en cinco ministerios distintos. \u201cEl Ministerio de\nAgricultura, a trav\u00e9s de Conaf administra las \u00e1reas protegidas del SNASPE\n(Sistema Nacional de \u00c1reas Silvestres Protegidas del Estado); el Ministerio de\nEconom\u00eda, a trav\u00e9s de la Subsecretar\u00eda de Pesca y el Servicio Nacional de\nPesca, administra los Parques y Reservas Marinas; el Ministerio de las\nCulturas, a trav\u00e9s del Consejo de Monumentos Nacionales gestiona los Santuarios\nde la Naturaleza; el Ministerio de Bienes Nacionales administra los Bienes\nNacionales Protegidos; y el Ministerio del Medio Ambiente administra las \u00e1reas\nmarinas costero-protegidas de m\u00faltiples usos, custodia los santuarios de la\nnaturaleza y supervigila todo el sistema.<\/p>\n\n\n\n<p>Durante estos los d\u00edas de votaci\u00f3n,\nse vio un amplio apoyo en redes sociales, donde se intensific\u00f3 el apoyo de\ndiferentes actores para la creaci\u00f3n del servicio,&nbsp; replicando el mensaje #YoQuieroSBAP.\nPol\u00edticos, ongs, cient\u00edficos, sociedad civil y guardaparques de distintos\nrincones de Chile se manifestaron a favor del proyecto de ley.<\/p>\n","protected":false},"excerpt":{"rendered":"<p>Luego de dos jornadas de discusi\u00f3n, este mi\u00e9rcoles 24 de julio el Senado aprob\u00f3 el Proyecto de Ley que crea el Servicio de Biodiversidad y \u00c1reas Protegidas, el que velar\u00e1&#8230; <a class=\"read-more\" href=\"https:\/\/www.radiopresidenteibanez.cl\/web\/transversal-aprobacion-en-el-senado-a-creacion-del-servicio-de-biodiversidad-y-areas-protegidas\/\">Leer m\u00e1s<\/a><\/p>\n","protected":false},"author":2,"featured_media":5923,"comment_status":"closed","ping_status":"closed","sticky":false,"template":"","format":"standard","meta":{"footnotes":""},"categories":[1],"tags":[],"class_list":["post-5922","post","type-post","status-publish","format-standard","has-post-thumbnail","hentry","category-cronica"],"_links":{"self":[{"href":"https:\/\/www.radiopresidenteibanez.cl\/web\/wp-json\/wp\/v2\/posts\/5922","targetHints":{"allow":["GET"]}}],"collection":[{"href":"https:\/\/www.radiopresidenteibanez.cl\/web\/wp-json\/wp\/v2\/posts"}],"about":[{"href":"https:\/\/www.radiopresidenteibanez.cl\/web\/wp-json\/wp\/v2\/types\/post"}],"author":[{"embeddable":true,"href":"https:\/\/www.radiopresidenteibanez.cl\/web\/wp-json\/wp\/v2\/users\/2"}],"replies":[{"embeddable":true,"href":"https:\/\/www.radiopresidenteibanez.cl\/web\/wp-json\/wp\/v2\/comments?post=5922"}],"version-history":[{"count":0,"href":"https:\/\/www.radiopresidenteibanez.cl\/web\/wp-json\/wp\/v2\/posts\/5922\/revisions"}],"wp:featuredmedia":[{"embeddable":true,"href":"https:\/\/www.radiopresidenteibanez.cl\/web\/wp-json\/wp\/v2\/media\/5923"}],"wp:attachment":[{"href":"https:\/\/www.radiopresidenteibanez.cl\/web\/wp-json\/wp\/v2\/media?parent=5922"}],"wp:term":[{"taxonomy":"category","embeddable":true,"href":"https:\/\/www.radiopresidenteibanez.cl\/web\/wp-json\/wp\/v2\/categories?post=5922"},{"taxonomy":"post_tag","embeddable":true,"href":"https:\/\/www.radiopresidenteibanez.cl\/web\/wp-json\/wp\/v2\/tags?post=5922"}],"curies":[{"name":"wp","href":"https:\/\/api.w.org\/{rel}","templated":true}]}}