{"id":5906,"date":"2019-07-24T15:27:01","date_gmt":"2019-07-24T15:27:01","guid":{"rendered":"http:\/\/www.radiopresidenteibanez.cl\/web\/?p=5906"},"modified":"2019-07-24T15:27:22","modified_gmt":"2019-07-24T15:27:22","slug":"finaliza-comision-investigadora-sobre-adopciones-irregulares","status":"publish","type":"post","link":"https:\/\/www.radiopresidenteibanez.cl\/web\/finaliza-comision-investigadora-sobre-adopciones-irregulares\/","title":{"rendered":"FINALIZA COMISI\u00d3N INVESTIGADORA SOBRE ADOPCIONES IRREGULARES"},"content":{"rendered":"\n<p>Tras casi cinco meses de funcionamiento, ayer lunes, finaliz\u00f3 la Comisi\u00f3n Investigadora sobre Adopciones Irregulares de la C\u00e1mara de Diputados, instancia creada para abordar las adopciones irregulares de m\u00e1s de cinco mil ni\u00f1os chilenos entre 1973 y 1990.<\/p>\n\n\n\n<p>En la comisi\u00f3n integrada por parlamentarios de diversos sectores, dieron su testimonio madres v\u00edctimas del robo de sus hijos, y expusieron representantes del Ministerio de Salud, Polic\u00eda de Investigaciones, Registro Civil, entre otros.<\/p>\n\n\n\n<p>La diputada Sandra Amar, miembro de la comisi\u00f3n, asegur\u00f3 que \u201cno hay duda de que las adopciones de miles de ni\u00f1os chilenos se produjeron en el marco de la ilegalidad, principalmente producto de las carencias hospitalarias de la \u00e9poca, de la falta de un registro de nacimiento \u00f3ptimo y de la presencia de grupos que actuaron coordinadamente para arrebatar ni\u00f1os, especialmente a mujeres vulnerables; mujeres solas, a veces con muchos hijos y provenientes de sectores rurales\u201d.<\/p>\n\n\n\n<p>Para la parlamentaria gremialista esta situaci\u00f3n \u201ces una pr\u00e1ctica que supera el contexto hist\u00f3rico y que no se remite solo a la dictadura militar como muchos han insinuado. Los robos de menores traspasan barreras hist\u00f3ricas y al parecer se trat\u00f3 de un negocio lucrativo para mafias organizadas\u201d.<\/p>\n\n\n\n<p>Al finalizar esta instancia, se revisaron las conclusiones y las propuestas hechas por la comisi\u00f3n entre las que destacan la creaci\u00f3n de una Comisi\u00f3n de Verdad y Reparaci\u00f3n con el fin de determinar la verdad de lo ocurrido y reparar de manera afectiva el da\u00f1o a las v\u00edctimas de la sustracci\u00f3n; y la creaci\u00f3n de un banco de huellas gen\u00e9ticas, digitales y de ADN que facilite la b\u00fasqueda, esto ya que la gran mayor\u00eda de los ni\u00f1os fueron dados en adopci\u00f3n en el extranjero, lo que dificulta de sobremanera su b\u00fasqueda.<\/p>\n\n\n\n<p>\u201cRescato que con esta comisi\u00f3n se haya logrado visibilizar el tema que, hasta hoy, era pr\u00e1cticamente un secreto a voces. Ahora, habiendo tomado conocimiento de la desgarradora realidad, corresponde al Estado tomar nuestras sugerencias, dar con la verdad, establecer culpabilidades, colaborar con la b\u00fasqueda y sobre todo, reparar en algo tanto da\u00f1o causado\u201d, finaliz\u00f3 Amar.<\/p>\n","protected":false},"excerpt":{"rendered":"<p>Tras casi cinco meses de funcionamiento, ayer lunes, finaliz\u00f3 la Comisi\u00f3n Investigadora sobre Adopciones Irregulares de la C\u00e1mara de Diputados, instancia creada para abordar las adopciones irregulares de m\u00e1s de&#8230; <a class=\"read-more\" href=\"https:\/\/www.radiopresidenteibanez.cl\/web\/finaliza-comision-investigadora-sobre-adopciones-irregulares\/\">Leer m\u00e1s<\/a><\/p>\n","protected":false},"author":2,"featured_media":3008,"comment_status":"closed","ping_status":"closed","sticky":false,"template":"","format":"standard","meta":{"footnotes":""},"categories":[5],"tags":[],"class_list":["post-5906","post","type-post","status-publish","format-standard","has-post-thumbnail","hentry","category-politica"],"_links":{"self":[{"href":"https:\/\/www.radiopresidenteibanez.cl\/web\/wp-json\/wp\/v2\/posts\/5906","targetHints":{"allow":["GET"]}}],"collection":[{"href":"https:\/\/www.radiopresidenteibanez.cl\/web\/wp-json\/wp\/v2\/posts"}],"about":[{"href":"https:\/\/www.radiopresidenteibanez.cl\/web\/wp-json\/wp\/v2\/types\/post"}],"author":[{"embeddable":true,"href":"https:\/\/www.radiopresidenteibanez.cl\/web\/wp-json\/wp\/v2\/users\/2"}],"replies":[{"embeddable":true,"href":"https:\/\/www.radiopresidenteibanez.cl\/web\/wp-json\/wp\/v2\/comments?post=5906"}],"version-history":[{"count":0,"href":"https:\/\/www.radiopresidenteibanez.cl\/web\/wp-json\/wp\/v2\/posts\/5906\/revisions"}],"wp:featuredmedia":[{"embeddable":true,"href":"https:\/\/www.radiopresidenteibanez.cl\/web\/wp-json\/wp\/v2\/media\/3008"}],"wp:attachment":[{"href":"https:\/\/www.radiopresidenteibanez.cl\/web\/wp-json\/wp\/v2\/media?parent=5906"}],"wp:term":[{"taxonomy":"category","embeddable":true,"href":"https:\/\/www.radiopresidenteibanez.cl\/web\/wp-json\/wp\/v2\/categories?post=5906"},{"taxonomy":"post_tag","embeddable":true,"href":"https:\/\/www.radiopresidenteibanez.cl\/web\/wp-json\/wp\/v2\/tags?post=5906"}],"curies":[{"name":"wp","href":"https:\/\/api.w.org\/{rel}","templated":true}]}}