{"id":590,"date":"2019-01-18T18:21:12","date_gmt":"2019-01-18T18:21:12","guid":{"rendered":"http:\/\/www.radiopresidenteibanez.cl\/web\/?p=590"},"modified":"2019-01-18T18:21:19","modified_gmt":"2019-01-18T18:21:19","slug":"este-fin-de-semana-gran-cicletada-familiar-elige-andar-en-bici","status":"publish","type":"post","link":"https:\/\/www.radiopresidenteibanez.cl\/web\/este-fin-de-semana-gran-cicletada-familiar-elige-andar-en-bici\/","title":{"rendered":"ESTE FIN DE SEMANA: GRAN CICLETADA FAMILIAR ELIGE ANDAR EN BICI"},"content":{"rendered":"\n<p>Este s\u00e1bado 19 de enero a partir de las 10 de la ma\u00f1ana, se realizar\u00e1 una cicletada de car\u00e1cter recreativo en el Parque Mar\u00eda Behety, la que contar\u00e1 con tres categor\u00edas: Patitas y rueditas, al interior del parque para ni\u00f1os de hasta 6 a\u00f1os (otros seg\u00fan caso), recreativa 4k, desde el parque hasta calle Bellavista (ida y vuelta) y recreativa 8k, desde el parque&nbsp; hasta calle Bellavista y regreso al parque donde se realizara otro circuito. Adem\u00e1s, habr\u00e1n muchos premios por sorteo a todos quienes se inscriban y acrediten en:&nbsp;<a href=\"http:\/\/www.welcu.com\/\" target=\"_blank\" rel=\"noreferrer noopener\">www.welcu.com<\/a><\/p>\n\n\n\n<p>Quiero invitarlos a todos a aprovechar esta instancia gratuita y recreativa que est\u00e1 especialmente pensada en ustedes, para crear un panorama entretenido con la familia y a la vez fomentar la actividad f\u00edsica expres\u00f3 la Seremi de Desarrollo Social qui\u00e9n adem\u00e1s agreg\u00f3 \u201cMe encanta la idea de que existan agrupaciones deportivas, quienes tiene un p\u00fablico objetivo totalmente transversal en todo sentido, a presentar e incentivar estas actividades, demuestra el compromiso que tienen con la vida saludable, que es lo que buscamos potenciar en cada uno de los Magallanicos\u201d.<\/p>\n\n\n\n<p>Esta es una actividad que organiza la agrupaci\u00f3n de ciclistas \u201cPedaleras del Sur\u201d, quienes expusieron su idea para solicitar apoyo ante la Seremi del Deporte, Odette Callahan, quien tuvo la disposici\u00f3n de ayudarlas mediante el programa Elige Vivir Sano del Ministerio de Desarrollo Social, el cual cuenta con cuatro ejes clave: el fomento de la alimentaci\u00f3n saludable, de la actividad f\u00edsica, de la vida al aire libre y fomento de la vida en familia. Pilares enfocados en hacer de Chile un pa\u00eds de gente sana.<\/p>\n\n\n\n<p>Ante esto hacer el llamado a las personas que no participar\u00e1n de esta actividad recreativa, para que consideren que la intersecci\u00f3n entre el Parque Mar\u00eda Behety hasta calle Bellavista, estar\u00e1n cerradas exclusivamente para la cicletada familiar de 10:30 a 11:30 horas (solo 1 hora) para que puedan usar alguna ruta alternativa.<\/p>\n","protected":false},"excerpt":{"rendered":"<p>Este s\u00e1bado 19 de enero a partir de las 10 de la ma\u00f1ana, se realizar\u00e1 una cicletada de car\u00e1cter recreativo en el Parque Mar\u00eda Behety, la que contar\u00e1 con tres&#8230; <a class=\"read-more\" href=\"https:\/\/www.radiopresidenteibanez.cl\/web\/este-fin-de-semana-gran-cicletada-familiar-elige-andar-en-bici\/\">Leer m\u00e1s<\/a><\/p>\n","protected":false},"author":2,"featured_media":591,"comment_status":"closed","ping_status":"closed","sticky":false,"template":"","format":"standard","meta":{"footnotes":""},"categories":[1],"tags":[],"class_list":["post-590","post","type-post","status-publish","format-standard","has-post-thumbnail","hentry","category-cronica"],"_links":{"self":[{"href":"https:\/\/www.radiopresidenteibanez.cl\/web\/wp-json\/wp\/v2\/posts\/590","targetHints":{"allow":["GET"]}}],"collection":[{"href":"https:\/\/www.radiopresidenteibanez.cl\/web\/wp-json\/wp\/v2\/posts"}],"about":[{"href":"https:\/\/www.radiopresidenteibanez.cl\/web\/wp-json\/wp\/v2\/types\/post"}],"author":[{"embeddable":true,"href":"https:\/\/www.radiopresidenteibanez.cl\/web\/wp-json\/wp\/v2\/users\/2"}],"replies":[{"embeddable":true,"href":"https:\/\/www.radiopresidenteibanez.cl\/web\/wp-json\/wp\/v2\/comments?post=590"}],"version-history":[{"count":0,"href":"https:\/\/www.radiopresidenteibanez.cl\/web\/wp-json\/wp\/v2\/posts\/590\/revisions"}],"wp:featuredmedia":[{"embeddable":true,"href":"https:\/\/www.radiopresidenteibanez.cl\/web\/wp-json\/wp\/v2\/media\/591"}],"wp:attachment":[{"href":"https:\/\/www.radiopresidenteibanez.cl\/web\/wp-json\/wp\/v2\/media?parent=590"}],"wp:term":[{"taxonomy":"category","embeddable":true,"href":"https:\/\/www.radiopresidenteibanez.cl\/web\/wp-json\/wp\/v2\/categories?post=590"},{"taxonomy":"post_tag","embeddable":true,"href":"https:\/\/www.radiopresidenteibanez.cl\/web\/wp-json\/wp\/v2\/tags?post=590"}],"curies":[{"name":"wp","href":"https:\/\/api.w.org\/{rel}","templated":true}]}}