{"id":58953,"date":"2025-09-10T10:39:00","date_gmt":"2025-09-10T13:39:00","guid":{"rendered":"https:\/\/www.radiopresidenteibanez.cl\/web\/?p=58953"},"modified":"2025-09-22T10:42:11","modified_gmt":"2025-09-22T13:42:11","slug":"diputado-matheson-plan-de-infraestructura-publicaes-otra-accion-distractiva-de-este-gobierno","status":"publish","type":"post","link":"https:\/\/www.radiopresidenteibanez.cl\/web\/diputado-matheson-plan-de-infraestructura-publicaes-otra-accion-distractiva-de-este-gobierno\/","title":{"rendered":"Diputado Matheson: \u201cPlan de Infraestructura P\u00fablicaes otra acci\u00f3n distractiva de este gobierno\u201d"},"content":{"rendered":"\n<p>\u201cQuisiera saber que efectividad puede tener una hoja de ruta, sin tener certeza acerca de la disponibilidad presupuestaria, sin una priorizaci\u00f3n y sin una consulta ciudadana que permita ver con mayor claridad cu\u00e1les son las demandas, las dificultades y las necesidades de los habitantes del territorio\u201d, manifest\u00f3 el diputado Christian Matheson, respecto del Plan de Infraestructura P\u00fablica para la regi\u00f3n de Magallanes presentado hace pocos d\u00edas atr\u00e1s por el Gobierno Regional y la Seremi de Obras P\u00fablicas, que busca ser una suerte de derrotero para la regi\u00f3n en los pr\u00f3ximos treinta a\u00f1os, sin contar con un cronograma de cu\u00e1ndo estas obras se materializar\u00e1n, ni c\u00f3mo se financiar\u00e1n.<\/p>\n\n\n\n<p>Para el legislador magall\u00e1nico, la propuesta no es m\u00e1s que \u201cun cantinfleo m\u00e1s de este gobierno, que se ha caracterizado por hacer anuncios grandilocuentes, pero sin entregar claridad de c\u00f3mo, cu\u00e1ndo y si en realidad se ejecutar\u00e1n acciones concretas, lo que lo convierte solo en una declaraci\u00f3n de intenciones poco responsable en \u00e9poca de campa\u00f1a electoral, en lugar de ser un plan que realmente vaya en la l\u00ednea del desarrollo y el crecimiento del territorio\u201d.<\/p>\n\n\n\n<p>\u201cLo que resulta m\u00e1s preocupante\u201d, complement\u00f3 el parlamentario, \u201ces que el gobierno anunci\u00f3 que para el pr\u00f3ximo a\u00f1o habr\u00e1 una reducci\u00f3n del 1,9% del presupuesto para el Gobierno Regional de Magallanes, lo que tendr\u00e1 un impacto negativo en el desarrollo de la regi\u00f3n e ir\u00e1 en contra de cualquier Plan de Infraestructura P\u00fablica que se pueda pretender\u201d, dijo.<\/p>\n\n\n\n<p>\u201cLo m\u00e1s lamentable de esto \u00faltimo es que para destinar recursos millonarios a fundaciones afines al gobierno o para contratar a m\u00e1s de 100.000 funcionarios de dudosa necesidad, con un costo de 2,6 millones de pesos mensuales cada uno, no hubo problema, y peor a\u00fan, pagar sueldos escandalosos de hasta 20 millones de pesos a funcionarios del Servicio que se encargar\u00e1 de aumentar en unos exiguos 25.000 pesos la PGU de pensionados, tampoco han tenido problema\u201d, apunt\u00f3 el legislador, agregando que \u201ceste gobierno prometi\u00f3 avanzar en la descentralizaci\u00f3n, pero en lo que ser\u00e1 el \u00faltimo presupuesto que presentar\u00e1 al pa\u00eds, ha decidido afectar el desarrollo de las regiones recortando la asignaci\u00f3n de recursos y recurriendo a la presentaci\u00f3n de un Plan de Infraestructura P\u00fablica, sin financiamiento, para distraer la atenci\u00f3n de los magall\u00e1nicos\u201d, concluy\u00f3 el diputado Matheson.<\/p>\n","protected":false},"excerpt":{"rendered":"<p>\u201cQuisiera saber que efectividad puede tener una hoja de ruta, sin tener certeza acerca de la disponibilidad presupuestaria, sin una priorizaci\u00f3n y sin una consulta ciudadana que permita ver con&#8230; <a class=\"read-more\" href=\"https:\/\/www.radiopresidenteibanez.cl\/web\/diputado-matheson-plan-de-infraestructura-publicaes-otra-accion-distractiva-de-este-gobierno\/\">Leer m\u00e1s<\/a><\/p>\n","protected":false},"author":2,"featured_media":58954,"comment_status":"closed","ping_status":"closed","sticky":false,"template":"","format":"standard","meta":{"footnotes":""},"categories":[1],"tags":[],"class_list":["post-58953","post","type-post","status-publish","format-standard","has-post-thumbnail","hentry","category-cronica"],"_links":{"self":[{"href":"https:\/\/www.radiopresidenteibanez.cl\/web\/wp-json\/wp\/v2\/posts\/58953","targetHints":{"allow":["GET"]}}],"collection":[{"href":"https:\/\/www.radiopresidenteibanez.cl\/web\/wp-json\/wp\/v2\/posts"}],"about":[{"href":"https:\/\/www.radiopresidenteibanez.cl\/web\/wp-json\/wp\/v2\/types\/post"}],"author":[{"embeddable":true,"href":"https:\/\/www.radiopresidenteibanez.cl\/web\/wp-json\/wp\/v2\/users\/2"}],"replies":[{"embeddable":true,"href":"https:\/\/www.radiopresidenteibanez.cl\/web\/wp-json\/wp\/v2\/comments?post=58953"}],"version-history":[{"count":0,"href":"https:\/\/www.radiopresidenteibanez.cl\/web\/wp-json\/wp\/v2\/posts\/58953\/revisions"}],"wp:featuredmedia":[{"embeddable":true,"href":"https:\/\/www.radiopresidenteibanez.cl\/web\/wp-json\/wp\/v2\/media\/58954"}],"wp:attachment":[{"href":"https:\/\/www.radiopresidenteibanez.cl\/web\/wp-json\/wp\/v2\/media?parent=58953"}],"wp:term":[{"taxonomy":"category","embeddable":true,"href":"https:\/\/www.radiopresidenteibanez.cl\/web\/wp-json\/wp\/v2\/categories?post=58953"},{"taxonomy":"post_tag","embeddable":true,"href":"https:\/\/www.radiopresidenteibanez.cl\/web\/wp-json\/wp\/v2\/tags?post=58953"}],"curies":[{"name":"wp","href":"https:\/\/api.w.org\/{rel}","templated":true}]}}