{"id":5880,"date":"2019-07-23T15:45:01","date_gmt":"2019-07-23T15:45:01","guid":{"rendered":"http:\/\/www.radiopresidenteibanez.cl\/web\/?p=5880"},"modified":"2019-07-23T15:45:18","modified_gmt":"2019-07-23T15:45:18","slug":"jetsmart-comienza-venta-de-pasajes-a-puerto-natales-con-precios-desde-los-15-000-por-tramo-mas-tasas-de-embarque","status":"publish","type":"post","link":"https:\/\/www.radiopresidenteibanez.cl\/web\/jetsmart-comienza-venta-de-pasajes-a-puerto-natales-con-precios-desde-los-15-000-por-tramo-mas-tasas-de-embarque\/","title":{"rendered":"JETSMART COMIENZA VENTA DE PASAJES A PUERTO NATALES CON PRECIOS DESDE LOS $15.000 POR TRAMO M\u00c1S TASAS DE EMBARQUE"},"content":{"rendered":"\n<p>La aerol\u00ednea JetSMART anunci\u00f3 oficialmente este martes el inicio de ventas de sus pasajes para volar la ruta Santiago-Puerto Natales durante la temporada de verano. Estos boletos van desde los $15.000 por tramo m\u00e1s tasas de embarque, para volar desde diciembre hasta marzo a la regi\u00f3n de Magallanes.<\/p>\n\n\n\n<p>\u201cGracias a un largo trabajo junto a las autoridades, el aer\u00f3dromo de Puerto Natales hoy cuenta con las facilidades t\u00e9cnicas para ser operado por vuelos comerciales Ultra Low Cost. En JetSMART somos pioneros en desarrollar la conexi\u00f3n regional, por lo que este anuncio es de gran importancia para nosotros, ya que nuevamente estamos sumando un destino que anteriormente no contaba con oferta suficiente para volar a precios ultra bajos. Hoy anunciamos tarifas nunca antes vistos para viajar de forma directa a esta ciudad, durante la temporada estival, potenciando de esta forma la conexi\u00f3n regional y las econom\u00edas locales\u201d se\u00f1al\u00f3 Estuardo Ortiz, CEO de JetSMART. Debido a la diferencia en la demanda entre temporadas, la ruta ser\u00e1 operada \u00fanicamente durante el verano.<\/p>\n\n\n\n<p>Adem\u00e1s, para celebrar la semana de aniversario y seguir batiendo r\u00e9cords, la compa\u00f1\u00eda lanz\u00f3 un descuento hist\u00f3rico nunca antes visto en la aviaci\u00f3n comercial: hasta un 99% para sus pasajes a\u00e9reos, por lo que estas tarifas podr\u00edan ser incluso m\u00e1s bajas dependiendo la fecha de vuelo.<\/p>\n\n\n\n<p><strong>Aviones nuevos, eficientes y seguros<\/strong><\/p>\n\n\n\n<p>JetSMART Airlines es la l\u00ednea a\u00e9rea sudamericana de ultra bajo costo, fundada por Indigo Partners, la cual opera la flota m\u00e1s nueva de Airbus en Am\u00e9rica. JetSMART tiene operaciones en Chile, Argentina y Per\u00fa y ha transportado m\u00e1s de 3 millones de pasajeros, seg\u00fan datos correspondientes al mes de marzo de 2019.&nbsp; La visi\u00f3n de JetSMART es ofrecer tarifas ultra-bajas en toda Suram\u00e9rica, con la meta de llegar a 100 aviones y 100 millones de pasajeros en 2026.&nbsp;<\/p>\n\n\n\n<p>JetSMART cuenta con una oferta transparente y simple: el pasaje \u00fanicamente incluye traslado, lo que significa moverse de punto A al punto B al menor precio posible, a tiempo y de manera confiable y segura. De esta manera el pasajero paga s\u00f3lo por lo que necesita para su viaje. Durante cada etapa del proceso de compra del pasaje se informa claramente sobre los costos de los elementos opcionales que, mientras antes se adquieran, m\u00e1s bajo es su precio y hoy contamos con los costos de equipajes m\u00e1s bajos de la industria.<\/p>\n","protected":false},"excerpt":{"rendered":"<p>La aerol\u00ednea JetSMART anunci\u00f3 oficialmente este martes el inicio de ventas de sus pasajes para volar la ruta Santiago-Puerto Natales durante la temporada de verano. Estos boletos van desde los&#8230; <a class=\"read-more\" href=\"https:\/\/www.radiopresidenteibanez.cl\/web\/jetsmart-comienza-venta-de-pasajes-a-puerto-natales-con-precios-desde-los-15-000-por-tramo-mas-tasas-de-embarque\/\">Leer m\u00e1s<\/a><\/p>\n","protected":false},"author":2,"featured_media":5881,"comment_status":"closed","ping_status":"closed","sticky":false,"template":"","format":"standard","meta":{"footnotes":""},"categories":[1],"tags":[],"class_list":["post-5880","post","type-post","status-publish","format-standard","has-post-thumbnail","hentry","category-cronica"],"_links":{"self":[{"href":"https:\/\/www.radiopresidenteibanez.cl\/web\/wp-json\/wp\/v2\/posts\/5880","targetHints":{"allow":["GET"]}}],"collection":[{"href":"https:\/\/www.radiopresidenteibanez.cl\/web\/wp-json\/wp\/v2\/posts"}],"about":[{"href":"https:\/\/www.radiopresidenteibanez.cl\/web\/wp-json\/wp\/v2\/types\/post"}],"author":[{"embeddable":true,"href":"https:\/\/www.radiopresidenteibanez.cl\/web\/wp-json\/wp\/v2\/users\/2"}],"replies":[{"embeddable":true,"href":"https:\/\/www.radiopresidenteibanez.cl\/web\/wp-json\/wp\/v2\/comments?post=5880"}],"version-history":[{"count":0,"href":"https:\/\/www.radiopresidenteibanez.cl\/web\/wp-json\/wp\/v2\/posts\/5880\/revisions"}],"wp:featuredmedia":[{"embeddable":true,"href":"https:\/\/www.radiopresidenteibanez.cl\/web\/wp-json\/wp\/v2\/media\/5881"}],"wp:attachment":[{"href":"https:\/\/www.radiopresidenteibanez.cl\/web\/wp-json\/wp\/v2\/media?parent=5880"}],"wp:term":[{"taxonomy":"category","embeddable":true,"href":"https:\/\/www.radiopresidenteibanez.cl\/web\/wp-json\/wp\/v2\/categories?post=5880"},{"taxonomy":"post_tag","embeddable":true,"href":"https:\/\/www.radiopresidenteibanez.cl\/web\/wp-json\/wp\/v2\/tags?post=5880"}],"curies":[{"name":"wp","href":"https:\/\/api.w.org\/{rel}","templated":true}]}}