{"id":5873,"date":"2019-07-23T14:19:50","date_gmt":"2019-07-23T14:19:50","guid":{"rendered":"http:\/\/www.radiopresidenteibanez.cl\/web\/?p=5873"},"modified":"2019-07-23T14:20:16","modified_gmt":"2019-07-23T14:20:16","slug":"arreboles-de-la-patagonia-realizara-presentacion-hoy-martes","status":"publish","type":"post","link":"https:\/\/www.radiopresidenteibanez.cl\/web\/arreboles-de-la-patagonia-realizara-presentacion-hoy-martes\/","title":{"rendered":"ARREBOLES DE LA PATAGONIA REALIZAR\u00c1 PRESENTACI\u00d3N HOY MARTES"},"content":{"rendered":"\n<p>El Conjunto de Proyecci\u00f3n\nFolcl\u00f3rica \u201cArreboles de la Patagonia\u201d, dirigido por Rosa C\u00e1rdenas Soto\n(Direcci\u00f3n general y de danzas) y Valeska Fuentes Mar\u00edn (Directora Musical),\ninvitan a los medios de comunicaci\u00f3n y comunidad en general para la <strong>Presentaci\u00f3n de Cierre<\/strong> del Proyecto denominado\n<strong>\u201cPatagonia, tradiciones en toda\ngeneraci\u00f3n\u201d<\/strong>.<\/p>\n\n\n\n<p>Esta iniciativa financiada por\nel Fondo Nacional de Desarrollo Cultural y las Artes FONDART en su modalidad Regional,\nl\u00ednea Cultura Tradicional y Popular, a\u00f1o 2019.<\/p>\n\n\n\n<p>Esta actividad se realizar\u00e1 el\nd\u00eda de ma\u00f1ana martes 23 de julio a las 19:00hrs. en el Centro Cultural de Punta\nArenas, ubicado en Avenida 21 de Mayo 2421.<\/p>\n","protected":false},"excerpt":{"rendered":"<p>El Conjunto de Proyecci\u00f3n Folcl\u00f3rica \u201cArreboles de la Patagonia\u201d, dirigido por Rosa C\u00e1rdenas Soto (Direcci\u00f3n general y de danzas) y Valeska Fuentes Mar\u00edn (Directora Musical), invitan a los medios de&#8230; <a class=\"read-more\" href=\"https:\/\/www.radiopresidenteibanez.cl\/web\/arreboles-de-la-patagonia-realizara-presentacion-hoy-martes\/\">Leer m\u00e1s<\/a><\/p>\n","protected":false},"author":2,"featured_media":740,"comment_status":"closed","ping_status":"closed","sticky":false,"template":"","format":"standard","meta":{"footnotes":""},"categories":[1],"tags":[],"class_list":["post-5873","post","type-post","status-publish","format-standard","has-post-thumbnail","hentry","category-cronica"],"_links":{"self":[{"href":"https:\/\/www.radiopresidenteibanez.cl\/web\/wp-json\/wp\/v2\/posts\/5873","targetHints":{"allow":["GET"]}}],"collection":[{"href":"https:\/\/www.radiopresidenteibanez.cl\/web\/wp-json\/wp\/v2\/posts"}],"about":[{"href":"https:\/\/www.radiopresidenteibanez.cl\/web\/wp-json\/wp\/v2\/types\/post"}],"author":[{"embeddable":true,"href":"https:\/\/www.radiopresidenteibanez.cl\/web\/wp-json\/wp\/v2\/users\/2"}],"replies":[{"embeddable":true,"href":"https:\/\/www.radiopresidenteibanez.cl\/web\/wp-json\/wp\/v2\/comments?post=5873"}],"version-history":[{"count":0,"href":"https:\/\/www.radiopresidenteibanez.cl\/web\/wp-json\/wp\/v2\/posts\/5873\/revisions"}],"wp:featuredmedia":[{"embeddable":true,"href":"https:\/\/www.radiopresidenteibanez.cl\/web\/wp-json\/wp\/v2\/media\/740"}],"wp:attachment":[{"href":"https:\/\/www.radiopresidenteibanez.cl\/web\/wp-json\/wp\/v2\/media?parent=5873"}],"wp:term":[{"taxonomy":"category","embeddable":true,"href":"https:\/\/www.radiopresidenteibanez.cl\/web\/wp-json\/wp\/v2\/categories?post=5873"},{"taxonomy":"post_tag","embeddable":true,"href":"https:\/\/www.radiopresidenteibanez.cl\/web\/wp-json\/wp\/v2\/tags?post=5873"}],"curies":[{"name":"wp","href":"https:\/\/api.w.org\/{rel}","templated":true}]}}