{"id":58712,"date":"2025-09-07T14:14:00","date_gmt":"2025-09-07T17:14:00","guid":{"rendered":"https:\/\/www.radiopresidenteibanez.cl\/web\/?p=58712"},"modified":"2025-09-07T11:16:42","modified_gmt":"2025-09-07T14:16:42","slug":"ministerio-de-justicia-y-tabsa-buscan-generar-conciencia-sobre-trata-de-personas","status":"publish","type":"post","link":"https:\/\/www.radiopresidenteibanez.cl\/web\/ministerio-de-justicia-y-tabsa-buscan-generar-conciencia-sobre-trata-de-personas\/","title":{"rendered":"Ministerio de Justicia y TABSA buscan generar conciencia sobre trata de personas"},"content":{"rendered":"\n<p>Con el prop\u00f3sito de prevenir y combatir la trata y tr\u00e1fico de personas, el Ministerio de Justicia y TABSA suscribieron un convenio de colaboraci\u00f3n a trav\u00e9s del cual se difundir\u00e1 material audiovisual en el ferry que cubre la conectividad mar\u00edtima entre Punta Areas y Porvenir.<\/p>\n\n\n\n<p>Daniela Quintanilla, Subsecretaria de Derechos Humanos, valor\u00f3 el trabajo p\u00fablico \u2013 privado que se materializa en el convenio de colaboraci\u00f3n que permitir\u00e1 emitir un video que brinda orientaci\u00f3n sobre el delito de trata de personas. \u201cTABSA, que cumple un rol tan importante dentro de la conectividad de esta regi\u00f3n, son aliados fundamentales para poder promover un ejercicio de prevenci\u00f3n de la trata y tr\u00e1fico de personas que requiere de un trabajo fino de detecci\u00f3n\u201d, manifest\u00f3 la autoridad.<\/p>\n\n\n\n<p>Frente a los casi 180 mil pasajeros al a\u00f1o que transitan en la ruta Punta Arenas \u2013 Porvenir, Crist\u00f3bal Kulczewski, Gerente General de TABSA, desatac\u00f3 \u201cel alcance que podemos tener nosotros respecto de este tipo de delito. Es clave y muy relvante el rol que jugamos nosotros en relaci\u00f3n a apoyar a la Subsecretar\u00eda de Derechos Humanos en esta labor\u201d.<\/p>\n\n\n\n<p>Este convenio se suma a una serie de acuerdos e iniciativas con entidades p\u00fablicas que TABSA ha suscrito con el prop\u00f3sito de difundir informaci\u00f3n y campa\u00f1as preventivas en diversas \u00e1reas<\/p>\n","protected":false},"excerpt":{"rendered":"<p>Con el prop\u00f3sito de prevenir y combatir la trata y tr\u00e1fico de personas, el Ministerio de Justicia y TABSA suscribieron un convenio de colaboraci\u00f3n a trav\u00e9s del cual se difundir\u00e1&#8230; <a class=\"read-more\" href=\"https:\/\/www.radiopresidenteibanez.cl\/web\/ministerio-de-justicia-y-tabsa-buscan-generar-conciencia-sobre-trata-de-personas\/\">Leer m\u00e1s<\/a><\/p>\n","protected":false},"author":2,"featured_media":58713,"comment_status":"closed","ping_status":"closed","sticky":false,"template":"","format":"standard","meta":{"footnotes":""},"categories":[1],"tags":[],"class_list":["post-58712","post","type-post","status-publish","format-standard","has-post-thumbnail","hentry","category-cronica"],"_links":{"self":[{"href":"https:\/\/www.radiopresidenteibanez.cl\/web\/wp-json\/wp\/v2\/posts\/58712","targetHints":{"allow":["GET"]}}],"collection":[{"href":"https:\/\/www.radiopresidenteibanez.cl\/web\/wp-json\/wp\/v2\/posts"}],"about":[{"href":"https:\/\/www.radiopresidenteibanez.cl\/web\/wp-json\/wp\/v2\/types\/post"}],"author":[{"embeddable":true,"href":"https:\/\/www.radiopresidenteibanez.cl\/web\/wp-json\/wp\/v2\/users\/2"}],"replies":[{"embeddable":true,"href":"https:\/\/www.radiopresidenteibanez.cl\/web\/wp-json\/wp\/v2\/comments?post=58712"}],"version-history":[{"count":0,"href":"https:\/\/www.radiopresidenteibanez.cl\/web\/wp-json\/wp\/v2\/posts\/58712\/revisions"}],"wp:featuredmedia":[{"embeddable":true,"href":"https:\/\/www.radiopresidenteibanez.cl\/web\/wp-json\/wp\/v2\/media\/58713"}],"wp:attachment":[{"href":"https:\/\/www.radiopresidenteibanez.cl\/web\/wp-json\/wp\/v2\/media?parent=58712"}],"wp:term":[{"taxonomy":"category","embeddable":true,"href":"https:\/\/www.radiopresidenteibanez.cl\/web\/wp-json\/wp\/v2\/categories?post=58712"},{"taxonomy":"post_tag","embeddable":true,"href":"https:\/\/www.radiopresidenteibanez.cl\/web\/wp-json\/wp\/v2\/tags?post=58712"}],"curies":[{"name":"wp","href":"https:\/\/api.w.org\/{rel}","templated":true}]}}