{"id":58708,"date":"2025-09-07T11:11:51","date_gmt":"2025-09-07T14:11:51","guid":{"rendered":"https:\/\/www.radiopresidenteibanez.cl\/web\/?p=58708"},"modified":"2025-09-07T11:13:31","modified_gmt":"2025-09-07T14:13:31","slug":"indap-valora-los-80-anos-del-nobel-de-gabriela-mistral-y-premia-a-campesinas-y-campesinos-destacados-en-magallanes","status":"publish","type":"post","link":"https:\/\/www.radiopresidenteibanez.cl\/web\/indap-valora-los-80-anos-del-nobel-de-gabriela-mistral-y-premia-a-campesinas-y-campesinos-destacados-en-magallanes\/","title":{"rendered":"INDAP valora los 80 a\u00f1os del Nobel de Gabriela Mistral y premia a campesinas y campesinos destacados en Magallanes"},"content":{"rendered":"\n<p>Conmemorando los 80 a\u00f1os del Premio Nobel de Gabriela Mistral, mujer nacida en la ruralidad y defensora incansable de la dignidad campesina, INDAP Magallanes celebr\u00f3 este viernes el D\u00eda de las Campesinas y los Campesinos con una emotiva ceremonia que puso en valor la memoria, el presente y el futuro de la agricultura en el extremo austral del pa\u00eds.<\/p>\n\n\n\n<p>Si bien la fecha oficial se conmemora cada 28 de julio, recordando la promulgaci\u00f3n de la Ley de Reforma Agraria y de la Ley de Sindicalizaci\u00f3n Campesina, en Magallanes desde hace algunos a\u00f1os la celebraci\u00f3n se traslada a septiembre, cuando el clima comienza a mejorar y la primavera se asoma con sus primeras se\u00f1ales de vida.&nbsp;<\/p>\n\n\n\n<p>La ceremonia de este a\u00f1o estuvo marcada por el recuerdo de Gabriela Mistral, no solo como la primera latinoamericana en recibir el Nobel, sino tambi\u00e9n como una mujer que, mucho antes de que se pensara en Chile la reforma agraria como pol\u00edtica p\u00fablica, ya defend\u00eda la idea de que la tierra deb\u00eda pertenecer a quienes la trabajan.&nbsp;<\/p>\n\n\n\n<p>El acto reuni\u00f3 a autoridades, dirigentes y familias rurales de toda la regi\u00f3n, quienes participaron de un programa que incluy\u00f3 saludos institucionales, la firma de un convenio con INIA, presentaciones art\u00edsticas, de videos y, sobre todo, el reconocimiento a hombres y mujeres que simbolizan la fuerza, innovaci\u00f3n y resiliencia del campo magall\u00e1nico.<\/p>\n\n\n\n<p>En el marco de la ceremonia, dos agricultoras compartieron su experiencia en el Programa de Transici\u00f3n a la Agricultura Sostenible (TAS) de INDAP, destacando c\u00f3mo la inspiraci\u00f3n agroecol\u00f3gica gu\u00eda hoy su trabajo en los huertos y la producci\u00f3n local. Asimismo, el acad\u00e9mico Julio Yagello present\u00f3 la ponencia&nbsp;<em>\u201cSembrando futuro: Aportes del Centro Hort\u00edcola Lothar Blunck &#8211; Instituto de la Patagonia UMAG para el fortalecimiento de la agricultura, la autonom\u00eda y la soberan\u00eda alimentaria en Magallanes\u201d<\/em>, subrayando la relevancia del conocimiento cient\u00edfico aplicado a la realidad rural austral.<\/p>\n\n\n\n<p>\u201cCelebrar a nuestras campesinas y campesinos es honrar el coraz\u00f3n de nuestra historia y proyectar la esperanza de un futuro m\u00e1s justo, sustentable y digno para la agricultura en la regi\u00f3n\u201d, se\u00f1al\u00f3 Gabriel Zegers, director regional de INDAP, subrayando el compromiso con la agroecolog\u00eda, la soberan\u00eda alimentaria, el desarrollo rural y los nuevos programas que buscan potenciar la adquisici\u00f3n de tierras. En la misma l\u00ednea, la SEREMI de Agricultura, Irene Ram\u00edrez, destac\u00f3 que \u201cMagallanes cuenta con campesinas y campesinos que, con esfuerzo e innovaci\u00f3n, producen alimentos en condiciones extremas. Ellos son el reflejo de la resiliencia y la soberan\u00eda alimentaria que queremos fortalecer\u201d.<\/p>\n\n\n\n<p><strong>Historias que inspiran<\/strong><\/p>\n\n\n\n<p>En la ocasi\u00f3n fue reconocida Adelaida Vargas Paill\u00e1n, agricultora y dirigente natalina que ha trabajado incansablemente por el acceso al agua, la consolidaci\u00f3n de los huertos familiares y la promoci\u00f3n de una mirada agroecol\u00f3gica. \u201cEste reconocimiento no es solo para m\u00ed, sino para toda la comunidad que lucha d\u00eda a d\u00eda por hacer producir la tierra\u201d, expres\u00f3 emocionada.<\/p>\n\n\n\n<p>Desde Porvenir, en Tierra del Fuego, Nataly Gallardo Garc\u00e9s recibi\u00f3 el galard\u00f3n por su trayectoria como ganadera y su capacidad de aprendizaje constante. Ha participado en giras t\u00e9cnicas internacionales y hoy transmite lo aprendido ense\u00f1ando a j\u00f3venes que se inician en la agricultura y la ganader\u00eda. \u201cSembrar conocimiento es tan importante como sembrar la tierra\u201d, afirm\u00f3.<\/p>\n\n\n\n<p>En el extremo sur, en Puerto Williams, la agricultora Catalina Calbuche Garc\u00eda fue reconocida como pionera en la instalaci\u00f3n de invernaderos de Metalcom en Cabo de Hornos y por introducir el cultivo hidrop\u00f3nico, extendiendo la producci\u00f3n incluso en los meses m\u00e1s fr\u00edos. Su historia es testimonio de innovaci\u00f3n en un territorio donde producir alimentos es un desaf\u00edo mayor.&nbsp;<\/p>\n\n\n\n<p>La ceremonia tambi\u00e9n se traslad\u00f3 simb\u00f3licamente a Agua Fresca, en Punta Arenas, para honrar a dos vecinos octogenarios que encarnan la memoria viva del campo magall\u00e1nico. Rub\u00e9n Sanhueza Casanova, sobreviviente de un accidente a\u00e9reo y de una herida de guerra, asegura que su vida es un milagro. Encontr\u00f3 en la agricultura un nuevo comienzo y hoy mantiene activa la producci\u00f3n de hortalizas y huevos frescos frente al Estrecho de Magallanes. \u201cLa tierra me dio lo que la vida me quit\u00f3: me devolvi\u00f3 fuerza y sentido\u201d, comparti\u00f3 con gratitud.<\/p>\n\n\n\n<p>Muy cerca de all\u00ed, Orlando Sanhueza M\u00e9ndez record\u00f3 sus a\u00f1os de trabajo en la madera y la producci\u00f3n de quesos mantecosos, para luego dedicarse a la siembra de forraje animal, convirti\u00e9ndose en uno de los mayores productores del sector. \u201cSiempre hay que reinventarse; el campo nos ense\u00f1a que cada temporada es distinta y que la perseverancia es la mejor semilla\u201d, reflexion\u00f3 al recibir el reconocimiento.<\/p>\n","protected":false},"excerpt":{"rendered":"<p>Conmemorando los 80 a\u00f1os del Premio Nobel de Gabriela Mistral, mujer nacida en la ruralidad y defensora incansable de la dignidad campesina, INDAP Magallanes celebr\u00f3 este viernes el D\u00eda de&#8230; <a class=\"read-more\" href=\"https:\/\/www.radiopresidenteibanez.cl\/web\/indap-valora-los-80-anos-del-nobel-de-gabriela-mistral-y-premia-a-campesinas-y-campesinos-destacados-en-magallanes\/\">Leer m\u00e1s<\/a><\/p>\n","protected":false},"author":2,"featured_media":58709,"comment_status":"closed","ping_status":"closed","sticky":false,"template":"","format":"standard","meta":{"footnotes":""},"categories":[1],"tags":[],"class_list":["post-58708","post","type-post","status-publish","format-standard","has-post-thumbnail","hentry","category-cronica"],"_links":{"self":[{"href":"https:\/\/www.radiopresidenteibanez.cl\/web\/wp-json\/wp\/v2\/posts\/58708","targetHints":{"allow":["GET"]}}],"collection":[{"href":"https:\/\/www.radiopresidenteibanez.cl\/web\/wp-json\/wp\/v2\/posts"}],"about":[{"href":"https:\/\/www.radiopresidenteibanez.cl\/web\/wp-json\/wp\/v2\/types\/post"}],"author":[{"embeddable":true,"href":"https:\/\/www.radiopresidenteibanez.cl\/web\/wp-json\/wp\/v2\/users\/2"}],"replies":[{"embeddable":true,"href":"https:\/\/www.radiopresidenteibanez.cl\/web\/wp-json\/wp\/v2\/comments?post=58708"}],"version-history":[{"count":0,"href":"https:\/\/www.radiopresidenteibanez.cl\/web\/wp-json\/wp\/v2\/posts\/58708\/revisions"}],"wp:featuredmedia":[{"embeddable":true,"href":"https:\/\/www.radiopresidenteibanez.cl\/web\/wp-json\/wp\/v2\/media\/58709"}],"wp:attachment":[{"href":"https:\/\/www.radiopresidenteibanez.cl\/web\/wp-json\/wp\/v2\/media?parent=58708"}],"wp:term":[{"taxonomy":"category","embeddable":true,"href":"https:\/\/www.radiopresidenteibanez.cl\/web\/wp-json\/wp\/v2\/categories?post=58708"},{"taxonomy":"post_tag","embeddable":true,"href":"https:\/\/www.radiopresidenteibanez.cl\/web\/wp-json\/wp\/v2\/tags?post=58708"}],"curies":[{"name":"wp","href":"https:\/\/api.w.org\/{rel}","templated":true}]}}