{"id":58702,"date":"2025-09-05T09:19:00","date_gmt":"2025-09-05T12:19:00","guid":{"rendered":"https:\/\/www.radiopresidenteibanez.cl\/web\/?p=58702"},"modified":"2025-09-05T11:39:31","modified_gmt":"2025-09-05T14:39:31","slug":"veronica-aguilar-magallanes-necesita-mas-especialistas-en-salud-no-recortes-presupuestarios","status":"publish","type":"post","link":"https:\/\/www.radiopresidenteibanez.cl\/web\/veronica-aguilar-magallanes-necesita-mas-especialistas-en-salud-no-recortes-presupuestarios\/","title":{"rendered":"Ver\u00f3nica Aguilar: \u201cMagallanes necesita mas especialistas en Salud, no recortes presupuestarios\u201d"},"content":{"rendered":"\n<p>La candidata a diputada por Magallanes, Ver\u00f3nica Aguilar Mart\u00ednez, manifest\u00f3 su profunda preocupaci\u00f3n por la falta de especialistas m\u00e9dicos en la regi\u00f3n y llam\u00f3 a priorizar la salud como un derecho social que garantice atenci\u00f3n oportuna y de calidad para toda la comunidad magall\u00e1nica.<\/p>\n\n\n\n<p>\u201cHablar de salud en Magallanes es hablar de seguridad social para todos y todas. No podemos seguir normalizando listas de espera interminables ni la ausencia de especialistas en localidades como Porvenir, Puerto Natales o Puerto Williams. Cada habitante merece ser atendido en su lugar de residencia, con dignidad y acceso a profesionales de primer nivel\u201d, enfatiz\u00f3 Aguilar.<\/p>\n\n\n\n<p>La candidata se\u00f1al\u00f3 que es necesario coordinar a todos los entes del Estado, Ministerio de Salud, gobiernos regionales y parlamentarios. &nbsp;En esa l\u00ednea, propuso impulsar un <strong>programa piloto similar al de zonas extremas<\/strong>, con recursos estatales destinados a incentivar la llegada y permanencia de especialistas en la regi\u00f3n m\u00e1s austral del pa\u00eds.<\/p>\n\n\n\n<p>\u201cSe requiere voluntad pol\u00edtica y un trabajo conjunto para generar condiciones que permitan que m\u00e9dicos y especialistas se instalen en Magallanes. No es solo un tema de infraestructura, es un compromiso con la calidad de vida de nuestra gente\u201d, agreg\u00f3.<\/p>\n\n\n\n<p>Asimismo, Aguilar advirti\u00f3 sobre la reducci\u00f3n del <strong>1,9% en el presupuesto nacional asignado a Magallanes<\/strong>, ya anunciada para el pr\u00f3ximo a\u00f1o, lo que podr\u00eda significar un retroceso en \u00e1reas sensibles como salud.<\/p>\n\n\n\n<p>\u201cEs importante que la ciudadan\u00eda sepa que el <strong>Presupuesto Nacional lo votan los parlamentarios, diputadas y senadores<\/strong>. Por eso necesitamos representantes que defiendan a Magallanes con fuerza en esa instancia. No podemos aceptar recortes que afecten directamente la salud y el bienestar de nuestra gente; por el contrario, debemos exigir m\u00e1s recursos para resolver la falta de especialistas y garantizar un sistema de salud digno en toda la regi\u00f3n\u201d, subray\u00f3 Aguilar.<\/p>\n","protected":false},"excerpt":{"rendered":"<p>La candidata a diputada por Magallanes, Ver\u00f3nica Aguilar Mart\u00ednez, manifest\u00f3 su profunda preocupaci\u00f3n por la falta de especialistas m\u00e9dicos en la regi\u00f3n y llam\u00f3 a priorizar la salud como un&#8230; <a class=\"read-more\" href=\"https:\/\/www.radiopresidenteibanez.cl\/web\/veronica-aguilar-magallanes-necesita-mas-especialistas-en-salud-no-recortes-presupuestarios\/\">Leer m\u00e1s<\/a><\/p>\n","protected":false},"author":2,"featured_media":58703,"comment_status":"closed","ping_status":"closed","sticky":false,"template":"","format":"standard","meta":{"footnotes":""},"categories":[1],"tags":[],"class_list":["post-58702","post","type-post","status-publish","format-standard","has-post-thumbnail","hentry","category-cronica"],"_links":{"self":[{"href":"https:\/\/www.radiopresidenteibanez.cl\/web\/wp-json\/wp\/v2\/posts\/58702","targetHints":{"allow":["GET"]}}],"collection":[{"href":"https:\/\/www.radiopresidenteibanez.cl\/web\/wp-json\/wp\/v2\/posts"}],"about":[{"href":"https:\/\/www.radiopresidenteibanez.cl\/web\/wp-json\/wp\/v2\/types\/post"}],"author":[{"embeddable":true,"href":"https:\/\/www.radiopresidenteibanez.cl\/web\/wp-json\/wp\/v2\/users\/2"}],"replies":[{"embeddable":true,"href":"https:\/\/www.radiopresidenteibanez.cl\/web\/wp-json\/wp\/v2\/comments?post=58702"}],"version-history":[{"count":0,"href":"https:\/\/www.radiopresidenteibanez.cl\/web\/wp-json\/wp\/v2\/posts\/58702\/revisions"}],"wp:featuredmedia":[{"embeddable":true,"href":"https:\/\/www.radiopresidenteibanez.cl\/web\/wp-json\/wp\/v2\/media\/58703"}],"wp:attachment":[{"href":"https:\/\/www.radiopresidenteibanez.cl\/web\/wp-json\/wp\/v2\/media?parent=58702"}],"wp:term":[{"taxonomy":"category","embeddable":true,"href":"https:\/\/www.radiopresidenteibanez.cl\/web\/wp-json\/wp\/v2\/categories?post=58702"},{"taxonomy":"post_tag","embeddable":true,"href":"https:\/\/www.radiopresidenteibanez.cl\/web\/wp-json\/wp\/v2\/tags?post=58702"}],"curies":[{"name":"wp","href":"https:\/\/api.w.org\/{rel}","templated":true}]}}